{"id":144816,"date":"2022-04-05T12:18:03","date_gmt":"2022-04-05T16:18:03","guid":{"rendered":"https:\/\/linitiative.ca\/International\/preservation-des-forets-lengagement-de-macky-sall-salue\/"},"modified":"2022-04-05T12:18:03","modified_gmt":"2022-04-05T16:18:03","slug":"preservation-des-forets-lengagement-de-macky-sall-salue","status":"publish","type":"post","link":"https:\/\/linitiative.ca\/International\/preservation-des-forets-lengagement-de-macky-sall-salue\/","title":{"rendered":"Pr\u00e9servation des for\u00eats: l\u2019engagement de Macky Sall salu\u00e9"},"content":{"rendered":"<div>\n<p><img decoding=\"async\" width=\"225\" height=\"225\" src=\"https:\/\/linitiative.ca\/International\/wp-content\/uploads\/sites\/23\/2022\/04\/16491754832571.jpg\" class=\"attachment-post-thumbnail size-post-thumbnail wp-post-image\" alt=\"\" loading=\"lazy\" srcset=\"https:\/\/linitiative.ca\/International\/wp-content\/uploads\/sites\/23\/2022\/04\/16491754832571.jpg 225w, https:\/\/www.journalducameroun.com\/wp-content\/uploads\/2022\/04\/16491754832571-150x150.jpg 150w, https:\/\/www.journalducameroun.com\/wp-content\/uploads\/2022\/04\/16491754832571-60x60.jpg 60w, https:\/\/www.journalducameroun.com\/wp-content\/uploads\/2022\/04\/16491754832571-100x100.jpg 100w\" sizes=\"auto, (max-width: 225px) 100vw, 225px\"><\/p>\n<p>Le chef de l&rsquo;Etat s\u00e9n\u00e9galais a promis de tout mettre en \u0153uvre pour arr\u00eater la d\u00e9forestation de la Casamance.L&rsquo;ONG Greenpeace se f\u00e9licite de l&rsquo;instruction donn\u00e9e par le pr\u00e9sident de la R\u00e9publique du S\u00e9n\u00e9gal, Macky Sall, de pr\u00e9server les for\u00eats notamment celles de la Casamance, dans le sud du pays. \u00a0<\/p>\n<p>\u00ab La d\u00e9forestation a un impact notable sur le climat. Les \u00e9cosyst\u00e8mes forestiers sont aujourd&rsquo;hui ceux qui captent le plus de carbone derri\u00e8re les oc\u00e9ans. Les d\u00e9truire acc\u00e9l\u00e8re le r\u00e9chauffement climatique\u00a0\u00bb, soutient Dr Aliou Ba, responsable de Campagne de Greenpeace Afrique.<\/p>\n<p>Ce faisant l&rsquo;organisation demande aux exportateurs de bois d&rsquo;adopter des engagements forts contre la d\u00e9forestation, en mettant en place des cha\u00eenes d&rsquo;approvisionnement transparentes et tra\u00e7ables de bout en bout et en excluant de celles-ci les producteurs qui ravagent les for\u00eats.<\/p>\n<p>Greenpeace Afrique rappelle le caract\u00e8re vital de nos ressources foresti\u00e8res qui ne sont pas des ressources illimit\u00e9es et invite les populations \u00e0 s&rsquo;engager dans la protection des for\u00eats.<\/p>\n<p>Dans son discours, hier lundi 4 avril, au terme de la prise d&rsquo;armes marque le 62e anniversaire de la f\u00eate de l&rsquo;ind\u00e9pendance du S\u00e9n\u00e9gal, le pr\u00e9sident Macky Sall a affirm\u00e9 que \u00ab nous ne pouvons plus accepter qu&rsquo;un seul arbre soit abattu en Casamance pour \u00eatre export\u00e9 hors de nos fronti\u00e8res \u00bb.<\/p>\n<p>Cet article <a rel=\"nofollow\" href=\"https:\/\/www.journalducameroun.com\/preservation-des-forets-lengagement-de-macky-sall-salue\/\">Pr\u00e9servation des for\u00eats: l\u2019engagement de Macky Sall salu\u00e9<\/a> est apparu en premier sur <a rel=\"nofollow\" href=\"https:\/\/www.journalducameroun.com\/\">Journal du Cameroun<\/a>.<\/p>\n<\/div>\n<p>Auteur: APA News<br \/>\n<a href=\"https:\/\/www.journalducameroun.com\/preservation-des-forets-lengagement-de-macky-sall-salue\/\">Cliquez ici pour lire l&rsquo;article depuis sa source.<\/a><\/p>\n","protected":false},"excerpt":{"rendered":"<p>Le chef de l&rsquo;Etat s\u00e9n\u00e9galais a promis de tout mettre en \u0153uvre pour arr\u00eater la d\u00e9forestation de la Casamance.L&rsquo;ONG Greenpeace se f\u00e9licite de l&rsquo;instruction donn\u00e9e par le pr\u00e9sident de la R\u00e9publique du S\u00e9n\u00e9gal, Macky Sall, de pr\u00e9server les for\u00eats notamment celles de la Casamance, dans le sud du pays. \u00a0 \u00ab La d\u00e9forestation a un [&hellip;]<\/p>\n","protected":false},"author":1965,"featured_media":0,"comment_status":"closed","ping_status":"closed","sticky":false,"template":"","format":"standard","meta":{"fifu_image_url":"https:\/\/www.journalducameroun.com\/wp-content\/uploads\/2022\/04\/16491754832571.jpg","fifu_image_alt":"Pr\u00e9servation des for\u00eats: l\u2019engagement de Macky Sall salu\u00e9","footnotes":""},"categories":[73,82],"tags":[],"class_list":["post-144816","post","type-post","status-publish","format-standard","hentry","category-actualite","category-cameroun"],"_links":{"self":[{"href":"https:\/\/linitiative.ca\/International\/wp-json\/wp\/v2\/posts\/144816","targetHints":{"allow":["GET"]}}],"collection":[{"href":"https:\/\/linitiative.ca\/International\/wp-json\/wp\/v2\/posts"}],"about":[{"href":"https:\/\/linitiative.ca\/International\/wp-json\/wp\/v2\/types\/post"}],"author":[{"embeddable":true,"href":"https:\/\/linitiative.ca\/International\/wp-json\/wp\/v2\/users\/1965"}],"replies":[{"embeddable":true,"href":"https:\/\/linitiative.ca\/International\/wp-json\/wp\/v2\/comments?post=144816"}],"version-history":[{"count":0,"href":"https:\/\/linitiative.ca\/International\/wp-json\/wp\/v2\/posts\/144816\/revisions"}],"wp:attachment":[{"href":"https:\/\/linitiative.ca\/International\/wp-json\/wp\/v2\/media?parent=144816"}],"wp:term":[{"taxonomy":"category","embeddable":true,"href":"https:\/\/linitiative.ca\/International\/wp-json\/wp\/v2\/categories?post=144816"},{"taxonomy":"post_tag","embeddable":true,"href":"https:\/\/linitiative.ca\/International\/wp-json\/wp\/v2\/tags?post=144816"}],"curies":[{"name":"wp","href":"https:\/\/api.w.org\/{rel}","templated":true}]}}