{"id":144821,"date":"2022-04-05T13:18:03","date_gmt":"2022-04-05T17:18:03","guid":{"rendered":"https:\/\/linitiative.ca\/International\/afrique-linsecurite-alimentaire-saccentue-cicr\/"},"modified":"2022-04-05T13:18:03","modified_gmt":"2022-04-05T17:18:03","slug":"afrique-linsecurite-alimentaire-saccentue-cicr","status":"publish","type":"post","link":"https:\/\/linitiative.ca\/International\/afrique-linsecurite-alimentaire-saccentue-cicr\/","title":{"rendered":"Afrique : l\u2019ins\u00e9curit\u00e9 alimentaire s\u2019accentue (CICR)"},"content":{"rendered":"<div>\n<p><img decoding=\"async\" width=\"289\" height=\"174\" src=\"https:\/\/linitiative.ca\/International\/wp-content\/uploads\/sites\/23\/2022\/04\/16491790831676.jpg\" class=\"attachment-post-thumbnail size-post-thumbnail wp-post-image\" alt=\"\" loading=\"lazy\"><\/p>\n<p>Plus d&rsquo;un quart de la population du continent noir est confront\u00e9 \u00e0 la famine selon le Comit\u00e9 International de la Croix-Rouge (CICR).Le CICR tire la sonnette d&rsquo;alarme. Selon l&rsquo;organisme de secours, quelque 346 millions de personnes sont confront\u00e9es \u00e0 une crise de la s\u00e9curit\u00e9 alimentaire. Celle-ci contraint des familles enti\u00e8res \u00e0 sauter des repas chaque jour. Si rien n&rsquo;est fait, pr\u00e9vient-elle, la situation risque de s&rsquo;aggraver dans les mois \u00e0 venir.<\/p>\n<p>La crise alimentaire est pr\u00e9sente sur tout le continent, de la Mauritanie et du Burkina Faso \u00e0 l&rsquo;ouest, \u00e0 la Somalie et \u00e0 l&rsquo;\u00c9thiopie \u00e0 l&rsquo;est. Pour y faire face, le CICR s&rsquo;appr\u00eate \u00e0 intensifier ses op\u00e9rations dans dix pays. Il interviendra en \u00e9troite coordination avec d&rsquo;autres composantes du Mouvement international de la Croix-Rouge et du Croissant-Rouge afin de porter assistance \u00e0 2,8 millions de personnes suppl\u00e9mentaires.<\/p>\n<p>\u00ab C&rsquo;est une catastrophe qui passe largement inaper\u00e7ue. Des millions de familles souffrent de la faim et des enfants meurent de malnutrition \u00bb, a d\u00e9clar\u00e9 Dominik Stillhart, le directeur des op\u00e9rations du CICR cit\u00e9 dans une note re\u00e7ue ce mardi \u00e0 APA.<\/p>\n<p>\u00ab Nous intensifions nos op\u00e9rations en Somalie, au Kenya, au Nig\u00e9ria, au Burkina Faso et dans bien d&rsquo;autres pays pour tenter de secourir le plus de gens possible, mais le nombre de personnes qui se retrouvent sans nourriture et sans eau est effarant \u00bb, a-t-il ajout\u00e9.<\/p>\n<p>Plusieurs facteurs comme les conflits, les chocs climatiques (s\u00e9cheresses en Afrique de l&rsquo;Est et pr\u00e9cipitations cumulatives inf\u00e9rieures \u00e0 la normale en Afrique de l&rsquo;Ouest), l&rsquo;augmentation spectaculaire du nombre de personnes d\u00e9plac\u00e9es et la flamb\u00e9e des prix des denr\u00e9es alimentaires et des carburants ont contribu\u00e9 \u00e0 cr\u00e9er des besoins consid\u00e9rables.<\/p>\n<p>La situation est d&rsquo;autant plus compliqu\u00e9e que beaucoup de pays touch\u00e9s par la crise alimentaire subissent encore les contrecoups \u00e9conomiques n\u00e9gatifs de la pand\u00e9mie de Covid-19.<\/p>\n<p>\u00ab Pour faire face \u00e0 cette crise, nous avons besoin de renfort. Le CICR a pour mission essentielle d&rsquo;aider les gens \u00e0 rester en vie, mais ici cela ne suffit pas. Une crise d&rsquo;une telle ampleur n\u00e9cessite un effort concert\u00e9. Gouvernements, partenaires humanitaires et donateurs devront se concentrer sur des solutions \u00e0 moyen et long terme afin d&rsquo;aider les personnes touch\u00e9es \u00e0 se relever. Cela doit \u00eatre la priorit\u00e9 \u00bb, a ajout\u00e9 M. Stillhart.<\/p>\n<p>Cet article <a rel=\"nofollow\" href=\"https:\/\/www.journalducameroun.com\/afrique-linsecurite-alimentaire-saccentue-cicr\/\">Afrique : l\u2019ins\u00e9curit\u00e9 alimentaire s\u2019accentue (CICR)<\/a> est apparu en premier sur <a rel=\"nofollow\" href=\"https:\/\/www.journalducameroun.com\/\">Journal du Cameroun<\/a>.<\/p>\n<\/div>\n<p>Auteur: APA News<br \/>\n<a href=\"https:\/\/www.journalducameroun.com\/afrique-linsecurite-alimentaire-saccentue-cicr\/\">Cliquez ici pour lire l&rsquo;article depuis sa source.<\/a><\/p>\n","protected":false},"excerpt":{"rendered":"<p>Plus d&rsquo;un quart de la population du continent noir est confront\u00e9 \u00e0 la famine selon le Comit\u00e9 International de la Croix-Rouge (CICR).Le CICR tire la sonnette d&rsquo;alarme. Selon l&rsquo;organisme de secours, quelque 346 millions de personnes sont confront\u00e9es \u00e0 une crise de la s\u00e9curit\u00e9 alimentaire. Celle-ci contraint des familles enti\u00e8res \u00e0 sauter des repas chaque [&hellip;]<\/p>\n","protected":false},"author":1965,"featured_media":0,"comment_status":"closed","ping_status":"closed","sticky":false,"template":"","format":"standard","meta":{"fifu_image_url":"https:\/\/www.journalducameroun.com\/wp-content\/uploads\/2022\/04\/16491790831676.jpg","fifu_image_alt":"Afrique : l\u2019ins\u00e9curit\u00e9 alimentaire s\u2019accentue (CICR)","footnotes":""},"categories":[73,82],"tags":[],"class_list":["post-144821","post","type-post","status-publish","format-standard","hentry","category-actualite","category-cameroun"],"_links":{"self":[{"href":"https:\/\/linitiative.ca\/International\/wp-json\/wp\/v2\/posts\/144821","targetHints":{"allow":["GET"]}}],"collection":[{"href":"https:\/\/linitiative.ca\/International\/wp-json\/wp\/v2\/posts"}],"about":[{"href":"https:\/\/linitiative.ca\/International\/wp-json\/wp\/v2\/types\/post"}],"author":[{"embeddable":true,"href":"https:\/\/linitiative.ca\/International\/wp-json\/wp\/v2\/users\/1965"}],"replies":[{"embeddable":true,"href":"https:\/\/linitiative.ca\/International\/wp-json\/wp\/v2\/comments?post=144821"}],"version-history":[{"count":0,"href":"https:\/\/linitiative.ca\/International\/wp-json\/wp\/v2\/posts\/144821\/revisions"}],"wp:attachment":[{"href":"https:\/\/linitiative.ca\/International\/wp-json\/wp\/v2\/media?parent=144821"}],"wp:term":[{"taxonomy":"category","embeddable":true,"href":"https:\/\/linitiative.ca\/International\/wp-json\/wp\/v2\/categories?post=144821"},{"taxonomy":"post_tag","embeddable":true,"href":"https:\/\/linitiative.ca\/International\/wp-json\/wp\/v2\/tags?post=144821"}],"curies":[{"name":"wp","href":"https:\/\/api.w.org\/{rel}","templated":true}]}}