{"id":144823,"date":"2022-04-05T03:38:59","date_gmt":"2022-04-05T07:38:59","guid":{"rendered":"https:\/\/linitiative.ca\/International\/au-mois-de-fevrier-2022-1168-dossiers-devacuation-sanitaires-ont-ete-deposes-au-minsante\/"},"modified":"2022-04-05T03:38:59","modified_gmt":"2022-04-05T07:38:59","slug":"au-mois-de-fevrier-2022-1168-dossiers-devacuation-sanitaires-ont-ete-deposes-au-minsante","status":"publish","type":"post","link":"https:\/\/linitiative.ca\/International\/au-mois-de-fevrier-2022-1168-dossiers-devacuation-sanitaires-ont-ete-deposes-au-minsante\/","title":{"rendered":"Au mois de f\u00e9vrier 2022, 1168 dossiers d\u2019\u00e9vacuation sanitaires ont \u00e9t\u00e9 d\u00e9pos\u00e9s au Minsant\u00e9"},"content":{"rendered":"<div>\n<p>Il y a quelques ann\u00e9es, le syst\u00e8me de sant\u00e9 camerounais souffrait d\u2019un manque criard de plateau technique. Le mat\u00e9riel de travail n\u2019\u00e9tait pas \u00e0 la pointe de la demande. Des d\u00e9ficits brandis par certains pour justifier leur demande d\u2019\u00e9vacuation sanitaire. Avec la 33<sup>\u00e8me<\/sup>\u00a0\u00e9dition de la Coupe d\u2019Afrique des nations, de nombreux centres de sant\u00e9 et h\u00f4pitaux de r\u00e9f\u00e9rences ont vu leurs infrastructures relev\u00e9es. Malgr\u00e9 ces am\u00e9nagements, la courbe n\u2019a v\u00e9ritablement pas chang\u00e9.\u00a0 Ils sont encore nombreux \u00e0 aller se faire soigner en \u00e9tranger\u00a0; m\u00eame pour si peu.<\/p>\n<p><strong>Lire aussi : <a href=\"https:\/\/ecomatin.net\/assemblee-nationale-bapteme-du-feu-pour-lhonorable-muyali-mary-boya2\/\">Assembl\u00e9e nationale : bapt\u00eame du feu pour l\u2019honorable Muyali Mary Boya\u00a0<\/a><\/strong><\/p>\n<p>Les chiffres parlent d\u2019eux-m\u00eames. En f\u00e9vrier, 1168 dossiers d\u2019\u00e9vacuation sanitaire ont \u00e9t\u00e9 re\u00e7us selon le ministre de la Sant\u00e9 Publique, Dr Manaouda Malachie. Seuls 10 ont re\u00e7u un avis favorable pour des choses pointues. \u00ab\u00a0Nous avons un excellent plateau technique et des personnels qualifi\u00e9s. Nous ne comprenons pas pourquoi nous devons continuer \u00e0 faire \u00e9vacuer nos compatriotes. Nous n\u2019avons plus rien \u00e0 envier aux autres en termes de plateau technique ou de ressources humaines\u00a0\u00bb, a martel\u00e9 le membre du gouvernement ce matin en s\u00e9ance pl\u00e9ni\u00e8re \u00e0 l\u2019Assembl\u00e9e nationale.<\/p>\n<p><strong>Lire aussi : <a href=\"https:\/\/ecomatin.net\/assemblee-nationale-le-gouvernement-presente-sa-strategie-de-reduction-du-cout-du-bitumage-des-routes\/\">Assembl\u00e9e nationale\u00a0: le gouvernement pr\u00e9sente sa strat\u00e9gie de r\u00e9duction du co\u00fbt du bitumage des routes<\/a><\/strong><\/p>\n<p>Le v\u00e9ritable probl\u00e8me est le manque de confiance. Nombreux sont sceptiques quant \u00e0 la capacit\u00e9 de nos centres \u00e0 prodiguer des soins de bonne qualit\u00e9 sans causer du tort aux patients. Un aspect qui a fait son nid au sein de l\u2019opinion et le patron de la sant\u00e9 en est conscient. \u00ab\u00a0Ayez confiance \u00e0 notre syst\u00e8me de sant\u00e9, \u00e0 nos ressources humaines qui vous prennent en charge. C\u2019est l\u00e0 que r\u00e9side le probl\u00e8me. Nous avons encore des gens qui pr\u00e9f\u00e8rent aller en \u00e9tranger alors qu\u2019ils peuvent se faire soigner ici. Les Camerounais doivent faire confiance \u00e0 leur syst\u00e8me de sant\u00e9. Nous avons tout ce qu\u2019il faut sur place\u00a0\u00bb. A l\u2019issue des \u00e9changes, le projet de loi relatif \u00e0 la recherche m\u00e9dicale impliquant la personne humaine au Cameroun a \u00e9t\u00e9 adopt\u00e9. Ce texte vise \u00e0 prot\u00e9ger l\u2019environnement et les personnes qui participent \u00e0 la recherche.<\/p>\n<p><strong>Lire aussi : <a href=\"https:\/\/ecomatin.net\/trading-sur-cryptoactifs-la-situation-de-liyeplimal-preoccupe-les-deputes\/\">Trading sur cryptoactifs\u00a0: la situation de \u00ab Liyeplimal \u00bb pr\u00e9occupe les d\u00e9put\u00e9s<\/a><\/strong><\/p>\n<p>L\u2019article <a rel=\"nofollow\" href=\"https:\/\/ecomatin.net\/au-mois-de-fevrier-2022-1168-dossiers-s-devacuation-sanitaires-ont-ete-deposes-au-minsante\/\">Au mois de f\u00e9vrier 2022, 1168 dossiers d\u2019\u00e9vacuation sanitaires ont \u00e9t\u00e9 d\u00e9pos\u00e9s au Minsant\u00e9<\/a> est apparu en premier sur <a rel=\"nofollow\" href=\"https:\/\/ecomatin.net\/\">EcoMatin<\/a>.<\/p>\n<\/div>\n<p>Auteur: EcoMatin<br \/>\n<a href=\"https:\/\/ecomatin.net\/au-mois-de-fevrier-2022-1168-dossiers-s-devacuation-sanitaires-ont-ete-deposes-au-minsante\/\">Cliquez ici pour lire l&rsquo;article depuis sa source.<\/a><\/p>\n","protected":false},"excerpt":{"rendered":"<p>Il y a quelques ann\u00e9es, le syst\u00e8me de sant\u00e9 camerounais souffrait d\u2019un manque criard de plateau technique. Le mat\u00e9riel de travail n\u2019\u00e9tait pas \u00e0 la pointe de la demande. Des d\u00e9ficits brandis par certains pour justifier leur demande d\u2019\u00e9vacuation sanitaire. Avec la 33\u00e8me\u00a0\u00e9dition de la Coupe d\u2019Afrique des nations, de nombreux centres de sant\u00e9 et [&hellip;]<\/p>\n","protected":false},"author":1969,"featured_media":0,"comment_status":"closed","ping_status":"closed","sticky":false,"template":"","format":"standard","meta":{"fifu_image_url":"","fifu_image_alt":"","footnotes":""},"categories":[82,78],"tags":[],"class_list":["post-144823","post","type-post","status-publish","format-standard","hentry","category-cameroun","category-economie"],"_links":{"self":[{"href":"https:\/\/linitiative.ca\/International\/wp-json\/wp\/v2\/posts\/144823","targetHints":{"allow":["GET"]}}],"collection":[{"href":"https:\/\/linitiative.ca\/International\/wp-json\/wp\/v2\/posts"}],"about":[{"href":"https:\/\/linitiative.ca\/International\/wp-json\/wp\/v2\/types\/post"}],"author":[{"embeddable":true,"href":"https:\/\/linitiative.ca\/International\/wp-json\/wp\/v2\/users\/1969"}],"replies":[{"embeddable":true,"href":"https:\/\/linitiative.ca\/International\/wp-json\/wp\/v2\/comments?post=144823"}],"version-history":[{"count":0,"href":"https:\/\/linitiative.ca\/International\/wp-json\/wp\/v2\/posts\/144823\/revisions"}],"wp:attachment":[{"href":"https:\/\/linitiative.ca\/International\/wp-json\/wp\/v2\/media?parent=144823"}],"wp:term":[{"taxonomy":"category","embeddable":true,"href":"https:\/\/linitiative.ca\/International\/wp-json\/wp\/v2\/categories?post=144823"},{"taxonomy":"post_tag","embeddable":true,"href":"https:\/\/linitiative.ca\/International\/wp-json\/wp\/v2\/tags?post=144823"}],"curies":[{"name":"wp","href":"https:\/\/api.w.org\/{rel}","templated":true}]}}