{"id":144824,"date":"2022-04-05T03:44:46","date_gmt":"2022-04-05T07:44:46","guid":{"rendered":"https:\/\/linitiative.ca\/International\/au-cameroun-les-deputes-veulent-sinvestir-dans-la-promotion-et-le-recyclage-des-dechets\/"},"modified":"2022-04-05T03:44:46","modified_gmt":"2022-04-05T07:44:46","slug":"au-cameroun-les-deputes-veulent-sinvestir-dans-la-promotion-et-le-recyclage-des-dechets","status":"publish","type":"post","link":"https:\/\/linitiative.ca\/International\/au-cameroun-les-deputes-veulent-sinvestir-dans-la-promotion-et-le-recyclage-des-dechets\/","title":{"rendered":"Au Cameroun, les d\u00e9put\u00e9s veulent s\u2019investir dans la promotion et le recyclage des d\u00e9chets"},"content":{"rendered":"<div>\n<p>Le r\u00e9seau parlementaire de l\u2019Assembl\u00e9e nationale pour l\u2019\u00e9conomie circulaire pr\u00e9sid\u00e9 par l\u2019honorable Ngala Gerard a tenu son assembl\u00e9e g\u00e9n\u00e9rale annuelle ce 4 avril 2022. Il \u00e9tait question au cours de ces assises de donner une nouvelle orientation pour cette ann\u00e9e. Avec l\u2019impact n\u00e9gatif du Covid-19 sur l\u2019\u00e9conomie mondiale, il urge de planifier la relance \u00e9conomique via une approche nouvelle.<\/p>\n<p><strong>Lire aussi : <a href=\"https:\/\/ecomatin.net\/trading-sur-cryptoactifs-la-situation-de-liyeplimal-preoccupe-les-deputes\/\">Trading sur cryptoactifs\u00a0: la situation de \u00ab Liyeplimal \u00bb pr\u00e9occupe les d\u00e9put\u00e9s<\/a><\/strong><\/p>\n<p>Les d\u00e9put\u00e9s veulent d\u00e9sormais mettre un accent particulier sur la promouvoir de l\u2019\u00e9conomie circulaire. C\u2019est un mod\u00e8le de production et de consommation qui implique le partage, la location, la r\u00e9utilisation, la remise \u00e0 neuf et le recyclage des d\u00e9chets existants afin de maintenir les produits en circulation le plus longtemps possible dans l\u2019\u00e9conomie. \u00ab\u00a0L\u2019orientation principale de notre r\u00e9seau cette ann\u00e9e est ax\u00e9e sur le plaidoyer, le renforcement des capacit\u00e9s des parties prenantes par le biais de symposiums nationaux et internationaux et la promotion de l\u2019\u00e9conomie circulaire par le biais de foires commerciales\u00a0\u00bb, a pr\u00e9cis\u00e9 d\u2019entr\u00e9el\u2019honorable Ngala Gerard<strong>.<\/strong><\/p>\n<p><strong>Lire aussi : <a href=\"https:\/\/ecomatin.net\/au-mois-de-fevrier-2022-1168-dossiers-s-devacuation-sanitaires-ont-ete-deposes-au-minsante\/\">Au mois de f\u00e9vrier 2022, 1168 dossiers d\u2019\u00e9vacuation sanitaires ont \u00e9t\u00e9 d\u00e9pos\u00e9s au Minsant\u00e9<\/a><\/strong><\/p>\n<p>Les m\u00e9nages et les conseils produisent d\u2019\u00e9normes quantit\u00e9s de d\u00e9chets domestiques et industriels. Ces diff\u00e9rents types de d\u00e9chets pourraient \u00eatre recycl\u00e9s par les m\u00e9nages ou les municipalit\u00e9s. \u00ab\u00a0En agissant ainsi, les m\u00e9nages et les conseils nettoieront l\u2019environnement de leurs quartiers, \u00e9viteront les inondations et la pollution. Ils cr\u00e9eront des emplois verts et am\u00e9lioreront les exportations, contribuant ainsi au PIB du Cameroun\u00a0\u00bb.<\/p>\n<p><strong>Lire aussi : <a href=\"https:\/\/ecomatin.net\/assemblee-nationale-bapteme-du-feu-pour-lhonorable-muyali-mary-boya2\/\">Assembl\u00e9e nationale : bapt\u00eame du feu pour l\u2019honorable Muyali Mary Boya\u00a0<\/a><\/strong><\/p>\n<p>Pour r\u00e9ussir \u00e0 promouvoir l\u2019\u00e9conomie circulaire \u00e0 travers les bonnes pratiques environnementales, le r\u00e9seau parlementaire veut proc\u00e9der de mani\u00e8re pratique\u00a0par\u00a0: la collecte de compost ou de fumier pour am\u00e9liorer la fertilit\u00e9 du sol et stimuler la production alimentaire dans les fermes communautaires ; \u00a0la collecte et traitement des d\u00e9chets plastiques et des emballages ; la collecte et traitement des d\u00e9chets d\u2019\u00e9quipements \u00e9lectroniques et \u00e9lectriques (E-waste) et par la collecte et le traitement des d\u00e9chets de l\u2019industrie de la mode et du textile.<\/p>\n<p><strong>Lire aussi : <a href=\"https:\/\/ecomatin.net\/assemblee-nationale-le-gouvernement-presente-sa-strategie-de-reduction-du-cout-du-bitumage-des-routes\/\">Assembl\u00e9e nationale\u00a0: le gouvernement pr\u00e9sente sa strat\u00e9gie de r\u00e9duction du co\u00fbt du bitumage des routes<\/a><\/strong><\/p>\n<p>Des actions qui vont contribuer \u00e0 assainir l\u2019environnement tout en cr\u00e9ant de la plus-value pour l\u2019\u00e9conomie nationale. Il revient d\u00e9sormais aux d\u00e9put\u00e9s de d\u00e9ployer ces diff\u00e9rentes actions sur le terrain car il y a de l\u2019or dans les d\u00e9chets.<\/p>\n<p>L\u2019article <a rel=\"nofollow\" href=\"https:\/\/ecomatin.net\/au-cameroun-les-deputes-veulent-sinvestir-dans-s-la-promotion-et-le-recyclage-des-dechets\/\">Au Cameroun, les d\u00e9put\u00e9s veulent s\u2019investir dans la promotion et le recyclage des d\u00e9chets<\/a> est apparu en premier sur <a rel=\"nofollow\" href=\"https:\/\/ecomatin.net\/\">EcoMatin<\/a>.<\/p>\n<\/div>\n<p>Auteur: EcoMatin<br \/>\n<a href=\"https:\/\/ecomatin.net\/au-cameroun-les-deputes-veulent-sinvestir-dans-s-la-promotion-et-le-recyclage-des-dechets\/\">Cliquez ici pour lire l&rsquo;article depuis sa source.<\/a><\/p>\n","protected":false},"excerpt":{"rendered":"<p>Le r\u00e9seau parlementaire de l\u2019Assembl\u00e9e nationale pour l\u2019\u00e9conomie circulaire pr\u00e9sid\u00e9 par l\u2019honorable Ngala Gerard a tenu son assembl\u00e9e g\u00e9n\u00e9rale annuelle ce 4 avril 2022. Il \u00e9tait question au cours de ces assises de donner une nouvelle orientation pour cette ann\u00e9e. Avec l\u2019impact n\u00e9gatif du Covid-19 sur l\u2019\u00e9conomie mondiale, il urge de planifier la relance \u00e9conomique [&hellip;]<\/p>\n","protected":false},"author":1969,"featured_media":0,"comment_status":"closed","ping_status":"closed","sticky":false,"template":"","format":"standard","meta":{"fifu_image_url":"","fifu_image_alt":"","footnotes":""},"categories":[82,78],"tags":[],"class_list":["post-144824","post","type-post","status-publish","format-standard","hentry","category-cameroun","category-economie"],"_links":{"self":[{"href":"https:\/\/linitiative.ca\/International\/wp-json\/wp\/v2\/posts\/144824","targetHints":{"allow":["GET"]}}],"collection":[{"href":"https:\/\/linitiative.ca\/International\/wp-json\/wp\/v2\/posts"}],"about":[{"href":"https:\/\/linitiative.ca\/International\/wp-json\/wp\/v2\/types\/post"}],"author":[{"embeddable":true,"href":"https:\/\/linitiative.ca\/International\/wp-json\/wp\/v2\/users\/1969"}],"replies":[{"embeddable":true,"href":"https:\/\/linitiative.ca\/International\/wp-json\/wp\/v2\/comments?post=144824"}],"version-history":[{"count":0,"href":"https:\/\/linitiative.ca\/International\/wp-json\/wp\/v2\/posts\/144824\/revisions"}],"wp:attachment":[{"href":"https:\/\/linitiative.ca\/International\/wp-json\/wp\/v2\/media?parent=144824"}],"wp:term":[{"taxonomy":"category","embeddable":true,"href":"https:\/\/linitiative.ca\/International\/wp-json\/wp\/v2\/categories?post=144824"},{"taxonomy":"post_tag","embeddable":true,"href":"https:\/\/linitiative.ca\/International\/wp-json\/wp\/v2\/tags?post=144824"}],"curies":[{"name":"wp","href":"https:\/\/api.w.org\/{rel}","templated":true}]}}