{"id":144826,"date":"2022-04-05T09:36:56","date_gmt":"2022-04-05T13:36:56","guid":{"rendered":"https:\/\/linitiative.ca\/International\/le-camerounais-christophe-eken-elu-a-la-tete-des-chambres-consulaires-dafrique-francophone\/"},"modified":"2022-04-05T09:36:56","modified_gmt":"2022-04-05T13:36:56","slug":"le-camerounais-christophe-eken-elu-a-la-tete-des-chambres-consulaires-dafrique-francophone","status":"publish","type":"post","link":"https:\/\/linitiative.ca\/International\/le-camerounais-christophe-eken-elu-a-la-tete-des-chambres-consulaires-dafrique-francophone\/","title":{"rendered":"Le camerounais Christophe Eken \u00e9lu \u00e0 la t\u00eate des chambres consulaires d\u2019Afrique francophone\u00a0"},"content":{"rendered":"<div>\n<p>Le Cameroun via la Chambre de Commerce, d\u2019Industrie, des Mines et de l\u2019Artisanat du Cameroun (Ccima), accueille la 46<sup>e<\/sup>\u00a0assembl\u00e9e g\u00e9n\u00e9rale de la Conf\u00e9rence permanente des chambres consulaires africaines et francophones (Cpccaf). Les travaux ont \u00e9t\u00e9 ouverts par le Premier ministre, chef du Gouvernement, Joseph Dion Ngute le 4 avril 2022.<\/p>\n<p>Durant ces travaux, toutes les chambres consulaires africaines et francophones \u00e9taient r\u00e9unies \u00e0 l\u2019h\u00f4tel Mont F\u00e9b\u00e9 de Yaound\u00e9. Il \u00e9tait donc question \u00ab\u00a0de faire le bilan de la mandature \u00e9coul\u00e9e, mais aussi de se concerter sur les grandes orientations de la nouvelle mandature, en particulier les projets de coop\u00e9ration en faveur du d\u00e9veloppement \u00e9conomique fond\u00e9 sur le secteur priv\u00e9, dans un contexte africain affect\u00e9 par la crise sanitaire et aussi particuli\u00e8rement vuln\u00e9rable \u00e0 la flamb\u00e9e des co\u00fbts de l\u2019\u00e9nergie et des mati\u00e8res premi\u00e8res\u00a0\u00bb, renseigne le dossier de presse rendu public \u00e0 cet effet.<\/p>\n<p>De plus cette 46<sup>e<\/sup>\u00a0assembl\u00e9e g\u00e9n\u00e9rale \u00e9tait aussi le lieu pour proc\u00e9der au renouvellement du mandat des membres du bureau de la Cpccaf. A cet effet, le Cameroun n\u2019a pas cach\u00e9 sa d\u00e9termination \u00e0 vouloir conduire le mandat 2022-2024 qualifi\u00e9 de \u2018\u2018mandature du cinquantenaire\u2019\u2019. Christophe Eken, en sa qualit\u00e9 de pr\u00e9sident de la Ccima, a donc sollicit\u00e9 le soutien de ses pairs pour acc\u00e9der \u00e0 ce poste. Il sera appuy\u00e9 dans cette d\u00e9marche par le chef du gouvernement\u00a0: \u00ab\u00a0je prends \u00e9galement acte de la candidature motiv\u00e9e de la Chambre de Commerce, d\u2019Industrie, des Mines et de l\u2019Artisanat du Cameroun, \u00e0 la pr\u00e9sidence du bureau de l\u2019association. Une issue favorable de ce processus \u00e9lectif constituerait sans doute un cadeau inestimable au moment o\u00f9 cette auguste institution consulaire c\u00e9l\u00e8bre son centenaire\u00a0\u00bb, a confi\u00e9 le Premier ministre dans son discours de circonstance. Une d\u00e9termination qui va porter ses fruits vu qu\u2019au terme de la session \u00e9lective, c\u2019est Christophe Eken qui a \u00e9t\u00e9 choisi pour conduire la mandature du cinquantenaire.<\/p>\n<p>Mounir Mouakhar, pr\u00e9sident sortant qui passe ainsi le flambeau \u00e0 Christophe Eken, retient de sa mandature (2019-2021), un accompagnement plus prononc\u00e9 sur la gente f\u00e9minine, malgr\u00e9 le contexte marqu\u00e9 par la survenue de la pand\u00e9mie \u00e0 Coronavirus. \u00abDurant notre mandature on a port\u00e9 une importance particuli\u00e8re pour les femmes et les jeunes\u00a0\u00bb, a laiss\u00e9 entendre le pr\u00e9sident sortant de la \u00a0Cpccaf Mounir Mouakhar, au quotidien gouvernemental Cameroon tribune.<\/p>\n<p>Indiquons ici que dans le prolongement de cette assembl\u00e9e g\u00e9n\u00e9rale qui s\u2019est tenue les 4 et 5 avril, sont pr\u00e9vus, les 6 et 7 avril 2022, des travaux techniques entre parties prenantes sur le programme europ\u00e9en Archipelago.<\/p>\n<p><strong>Qu\u2019est-ce que le Cpccaf\u00a0?<\/strong><\/p>\n<p>La Conf\u00e9rence permanente des chambres consulaires africaines et francophones (Cpccaf), est une association reconnue d\u2019utilit\u00e9 publique, cr\u00e9\u00e9e \u00e0 Dakar en mai 1973. C\u2019est un r\u00e9seau international de plus de 130 chambres consulaires et organisations interm\u00e9diaires, dans les 31 pays de son champ francophone, dont 26 pays africains. Elle a pour objectif de favoriser les partenariats entre entreprises et op\u00e9rateurs francophones, pour le d\u00e9veloppement \u00e9conomique de l\u2019Afrique, gr\u00e2ce \u00e0 la coop\u00e9ration entre chambres consulaires (chambres de commerce et d\u2019industrie, chambres de m\u00e9tiers et d\u2019artisanat ; chambres d\u2019agriculture) et organisations interm\u00e9diaires de son r\u00e9seau international.<\/p>\n<p>Plusieurs missions lui sont r\u00e9volues parmi lesquelles\u00a0: \u00eatre au service du d\u00e9veloppement du secteur priv\u00e9 africain et de la croissance \u00e9conomique fond\u00e9e sur des relations \u00e9quilibr\u00e9es entre entreprises de l\u2019espace francophone\u00a0; mettre en \u0153uvre des actions de coop\u00e9ration sur le terrain, en Afrique, dans des domaines tels que la formation et l\u2019emploi, l\u2019insertion des jeunes et des femmes \u00e0 la transition \u00e9cologique\/num\u00e9rique, la structuration des cha\u00eenes de valeur et la s\u00e9curit\u00e9 \u00e9conomique\u2026<\/p>\n<p>L\u2019article <a rel=\"nofollow\" href=\"https:\/\/ecomatin.net\/le-camerounais-christophe-eken-elu-a-la-tete-des-s-chambres-consulaires-dafrique-francophone\/\">Le camerounais Christophe Eken \u00e9lu \u00e0 la t\u00eate des chambres consulaires d\u2019Afrique francophone\u00a0<\/a> est apparu en premier sur <a rel=\"nofollow\" href=\"https:\/\/ecomatin.net\/\">EcoMatin<\/a>.<\/p>\n<\/div>\n<p>Auteur: Cindy MBALA<br \/>\n<a href=\"https:\/\/ecomatin.net\/le-camerounais-christophe-eken-elu-a-la-tete-des-s-chambres-consulaires-dafrique-francophone\/\">Cliquez ici pour lire l&rsquo;article depuis sa source.<\/a><\/p>\n","protected":false},"excerpt":{"rendered":"<p>Le Cameroun via la Chambre de Commerce, d\u2019Industrie, des Mines et de l\u2019Artisanat du Cameroun (Ccima), accueille la 46e\u00a0assembl\u00e9e g\u00e9n\u00e9rale de la Conf\u00e9rence permanente des chambres consulaires africaines et francophones (Cpccaf). Les travaux ont \u00e9t\u00e9 ouverts par le Premier ministre, chef du Gouvernement, Joseph Dion Ngute le 4 avril 2022. Durant ces travaux, toutes les [&hellip;]<\/p>\n","protected":false},"author":1969,"featured_media":0,"comment_status":"closed","ping_status":"closed","sticky":false,"template":"","format":"standard","meta":{"fifu_image_url":"","fifu_image_alt":"","footnotes":""},"categories":[82,78],"tags":[],"class_list":["post-144826","post","type-post","status-publish","format-standard","hentry","category-cameroun","category-economie"],"_links":{"self":[{"href":"https:\/\/linitiative.ca\/International\/wp-json\/wp\/v2\/posts\/144826","targetHints":{"allow":["GET"]}}],"collection":[{"href":"https:\/\/linitiative.ca\/International\/wp-json\/wp\/v2\/posts"}],"about":[{"href":"https:\/\/linitiative.ca\/International\/wp-json\/wp\/v2\/types\/post"}],"author":[{"embeddable":true,"href":"https:\/\/linitiative.ca\/International\/wp-json\/wp\/v2\/users\/1969"}],"replies":[{"embeddable":true,"href":"https:\/\/linitiative.ca\/International\/wp-json\/wp\/v2\/comments?post=144826"}],"version-history":[{"count":0,"href":"https:\/\/linitiative.ca\/International\/wp-json\/wp\/v2\/posts\/144826\/revisions"}],"wp:attachment":[{"href":"https:\/\/linitiative.ca\/International\/wp-json\/wp\/v2\/media?parent=144826"}],"wp:term":[{"taxonomy":"category","embeddable":true,"href":"https:\/\/linitiative.ca\/International\/wp-json\/wp\/v2\/categories?post=144826"},{"taxonomy":"post_tag","embeddable":true,"href":"https:\/\/linitiative.ca\/International\/wp-json\/wp\/v2\/tags?post=144826"}],"curies":[{"name":"wp","href":"https:\/\/api.w.org\/{rel}","templated":true}]}}