{"id":144833,"date":"2022-04-06T08:32:09","date_gmt":"2022-04-06T12:32:09","guid":{"rendered":"https:\/\/linitiative.ca\/International\/smeia-lance-la-ix-100-electrique-sur-le-marche-marocain-un-veritable-bond-dans-le-futur\/"},"modified":"2022-04-06T08:32:09","modified_gmt":"2022-04-06T12:32:09","slug":"smeia-lance-la-ix-100-electrique-sur-le-marche-marocain-un-veritable-bond-dans-le-futur","status":"publish","type":"post","link":"https:\/\/linitiative.ca\/International\/smeia-lance-la-ix-100-electrique-sur-le-marche-marocain-un-veritable-bond-dans-le-futur\/","title":{"rendered":"SMEIA lance la iX, 100% \u00e9lectrique, sur le march\u00e9 marocain: Un v\u00e9ritable bond dans le futur"},"content":{"rendered":"<div>\n<p><img loading=\"lazy\" decoding=\"async\" width=\"300\" height=\"153\" src=\"https:\/\/linitiative.ca\/International\/wp-content\/uploads\/sites\/23\/2022\/04\/SMEIA-lance-la-iX-100-electrique-sur-le-marche-marocain-300x153-1.png\" class=\"attachment-medium size-medium wp-post-image\" alt=\"\" srcset=\"https:\/\/linitiative.ca\/International\/wp-content\/uploads\/sites\/23\/2022\/04\/SMEIA-lance-la-iX-100-electrique-sur-le-marche-marocain-300x153-1.png 300w, https:\/\/aujourdhui.ma\/wp-content\/uploads\/2022\/04\/SMEIA-lance-la-iX-100-electrique-sur-le-marche-marocain-274x140.png 274w, https:\/\/aujourdhui.ma\/wp-content\/uploads\/2022\/04\/SMEIA-lance-la-iX-100-electrique-sur-le-marche-marocain-746x380.png 746w, https:\/\/aujourdhui.ma\/wp-content\/uploads\/2022\/04\/SMEIA-lance-la-iX-100-electrique-sur-le-marche-marocain-165x84.png 165w, https:\/\/aujourdhui.ma\/wp-content\/uploads\/2022\/04\/SMEIA-lance-la-iX-100-electrique-sur-le-marche-marocain-702x358.png 702w, https:\/\/aujourdhui.ma\/wp-content\/uploads\/2022\/04\/SMEIA-lance-la-iX-100-electrique-sur-le-marche-marocain.png 747w\" sizes=\"auto, (max-width: 300px) 100vw, 300px\"><\/p>\n<p><span style=\"color: #800000;\"><strong>L\u2019exp\u00e9rience de BMW dans l\u2019industrie des v\u00e9hicules \u00e9lectriques ne date pas d\u2019hier puisqu\u2019elle \u00e9tait l\u2019un des premiers constructeurs \u00e0 lancer en 2008 un v\u00e9hicule \u00e9lectrique sur mesure, l\u2019i3, qui s\u2019est av\u00e9r\u00e9 un \u00e9norme succ\u00e8s, m\u00eame en d\u00e9pit de son apparence discutable.<\/strong><\/span><span id=\"more-404465\"><\/span><br \/>\nPlus d\u2019une une d\u00e9cennie apr\u00e8s, la firme allemande revient en force et pr\u00e9sente pour la premi\u00e8re fois au Maroc la nouvelle gamme BMW i, 100% \u00e9lectrique avec des lancements, en phase avec l\u2019international, du mod\u00e8le phare qui va d\u00e9finir la nouvelle g\u00e9n\u00e9ration de l\u2019\u00e9lectromobilit\u00e9 par BMW, \u00e0 savoir la toute nouvelle BMW iX.<br \/>\nCe lancement s\u2019inscrit dans le cadre de la strat\u00e9gie de l\u2019importateur officiel de la marque \u00e0 l\u2019h\u00e9lice SMEIA en mati\u00e8re de commercialisation de v\u00e9hicules \u00e9lectrifi\u00e9s, initi\u00e9e en 2018 avec le lancement des versions hybrides rechargeables (PHEV) tels que la S\u00e9rie 530e, le 745e et le X5 45e xDrive.<\/p>\n<p><span style=\"color: #ff0000;\"><strong>Pionnier d\u2019une \u00e8re nouvelle<\/strong><\/span><\/p>\n<p>On ne peut pas ne pas \u00eatre impressionn\u00e9 par l\u2019iX. C\u2019est un SUV \u00e9norme et imposant qui se distingue par son style audacieux et qui ne ressemble \u00e0 rien d\u2019autre sur la route. Il donne aux occupants l\u2019impression d\u2019\u00eatre \u00e0 bord d\u2019une sorte de concept et non pas d\u2019un mod\u00e8le de production. Pens\u00e9e pour la mobilit\u00e9 100% \u00e9lectrique depuis le d\u00e9but de son processus de conception, la BMW iX est propos\u00e9e en deux motorisations, toutes deux \u00e9quip\u00e9es d\u2019un syst\u00e8me de transmission int\u00e9grale \u00e9lectrique : la BMW iX xDrive50, qui d\u00e9veloppe une puissance cumul\u00e9e de 523 ch (385 kW) \u2013 consommation \u00e9lectrique en cycle mixte: 23,0 kWh\/100 km, \u00e9missions de CO2 : 0 g\/km, et la BMW iX xDrive 40, qui d\u00e9livre 326 ch (240 kW) \u2013 consommation \u00e9lectrique en cycle mixte : 22,5 kWh\/100 km, \u00e9missions de CO2 : 0 g\/km. \u00c9quip\u00e9 d\u2019un groupe motopropulseur particuli\u00e8rement efficient, mais aussi de cellules de batterie \u00e0 la pointe de la technologie, le nouveau mod\u00e8le annonce une autonomie maximale de 620 km en version BMW iX xDrive50 et de 420 km en version BMW iX xDrive40.<\/p>\n<p><span style=\"color: #ff0000;\"><strong>Quand luxe et modernit\u00e9 font bon m\u00e9nage<\/strong><\/span><\/p>\n<p>Le caract\u00e8re novateur de la BMW iX s\u2019exprime \u00e9galement par son design. \u00catre \u00e0 bord de l\u2019iX est vraiment sp\u00e9cial, peu importe o\u00f9 vous \u00eates assis. Depuis le si\u00e8ge du conducteur, vous appr\u00e9ciez la visibilit\u00e9 remarquable, la qualit\u00e9, le design et la technologie qui vous entourent. Le nouveau mod\u00e8le d\u00e9gage une aura aussi luxueuse que moderne gr\u00e2ce \u00e0 son langage stylistique \u00e9pur\u00e9 et clairement structur\u00e9. La double calandre BMW est produite au moyen de techniques de fabrication innovantes lui conf\u00e9rant des particularit\u00e9s auto-r\u00e9g\u00e9n\u00e9ratrices, la surface de la calandre, elle, incorpore des cam\u00e9ras et des capteurs radars. Les finitions \u00abMagn\u00e9tique\u00bb et \u00abAthl\u00e9tique\u00bb sont toutes deux propos\u00e9es avec des jantes 21\u2019\u2019 aux motifs exclusifs. La finition \u00abAthl\u00e9tique\u00bb propose un pack Sport distinctif avec un design ext\u00e9rieur rac\u00e9. Outre les jantes en alliage l\u00e9ger de 21 pouces propos\u00e9es, des motifs de jantes suppl\u00e9mentaires de 21 et 22 pouces sont disponibles ainsi que des freins Sport (inclus dans le pack Sport). L\u2019habitacle de la BMW iX est con\u00e7u pour faire la part belle \u00e0 la qualit\u00e9 de vie et au bien-\u00eatre. Les espaces g\u00e9n\u00e9reux et les si\u00e8ges de conception nouvelle dot\u00e9s d\u2019appuie-t\u00eates int\u00e9graux font r\u00e9gner une atmosph\u00e8re luxueuse.<\/p>\n<div class=\"mom_images_grid mom_images_3_cols\">\n<ul class=\"galleryslider\">\n<li class=\"first\"><a href=\"https:\/\/aujourdhui.ma\/wp-content\/uploads\/2022\/04\/Ix-2.jpg\" data-title=\"\" title=\"Ix 2\"><img decoding=\"async\" alt=\"Ix 2\" src=\"https:\/\/linitiative.ca\/International\/wp-content\/uploads\/sites\/23\/2022\/04\/Ix-2-746x380-1.jpg\"><\/a><\/li>\n<li class=\"\"><a href=\"https:\/\/aujourdhui.ma\/wp-content\/uploads\/2022\/04\/SMEIA-lance-la-iX-100-electrique-sur-le-marche-marocain-d.jpg\" data-title=\"\" title=\"SMEIA lance la iX, 100% \u00e9lectrique, sur le march\u00e9 marocain d\"><img decoding=\"async\" alt=\"SMEIA lance la iX, 100% \u00e9lectrique, sur le march\u00e9 marocain d\" src=\"https:\/\/linitiative.ca\/International\/wp-content\/uploads\/sites\/23\/2022\/04\/SMEIA-lance-la-iX-100-electrique-sur-le-marche-marocain-d-746x380-1.jpg\"><\/a><\/li>\n<li class=\"last\"><a href=\"https:\/\/aujourdhui.ma\/wp-content\/uploads\/2022\/04\/SMEIA-lance-la-iX-100-electrique-sur-le-marche-marocain-ss.jpg\" data-title=\"\" title=\"SMEIA lance la iX, 100% \u00e9lectrique, sur le march\u00e9 marocain ss\"><img decoding=\"async\" alt=\"SMEIA lance la iX, 100% \u00e9lectrique, sur le march\u00e9 marocain ss\" src=\"https:\/\/linitiative.ca\/International\/wp-content\/uploads\/sites\/23\/2022\/04\/SMEIA-lance-la-iX-100-electrique-sur-le-marche-marocain-ss-746x380-1.jpg\"><\/a><\/li>\n<li class=\"first\"><a href=\"https:\/\/aujourdhui.ma\/wp-content\/uploads\/2022\/04\/SMEIA-lance-la-iX-100-electrique-sur-le-marche-marocain-x.jpg\" data-title=\"\" title=\"SMEIA lance la iX, 100% \u00e9lectrique, sur le march\u00e9 marocain x\"><img decoding=\"async\" alt=\"SMEIA lance la iX, 100% \u00e9lectrique, sur le march\u00e9 marocain x\" src=\"https:\/\/linitiative.ca\/International\/wp-content\/uploads\/sites\/23\/2022\/04\/SMEIA-lance-la-iX-100-electrique-sur-le-marche-marocain-x-746x380-1.jpg\"><\/a><\/li>\n<li class=\"\"><a href=\"https:\/\/aujourdhui.ma\/wp-content\/uploads\/2022\/04\/SMEIA-lance-la-iX-100-electrique-sur-le-marche-marocaind.jpg\" data-title=\"\" title=\"SMEIA lance la iX, 100% \u00e9lectrique, sur le march\u00e9 marocaind\"><img decoding=\"async\" alt=\"SMEIA lance la iX, 100% \u00e9lectrique, sur le march\u00e9 marocaind\" src=\"https:\/\/linitiative.ca\/International\/wp-content\/uploads\/sites\/23\/2022\/04\/SMEIA-lance-la-iX-100-electrique-sur-le-marche-marocaind-746x380-1.jpg\"><\/a><\/li>\n<li class=\"last\"><a href=\"https:\/\/aujourdhui.ma\/wp-content\/uploads\/2022\/04\/SMEIA-lance-la-iX-100-electrique-sur-le-marche-marocains.jpg\" data-title=\"\" title=\"SMEIA lance la iX, 100% \u00e9lectrique, sur le march\u00e9 marocains\"><img decoding=\"async\" alt=\"SMEIA lance la iX, 100% \u00e9lectrique, sur le march\u00e9 marocains\" src=\"https:\/\/linitiative.ca\/International\/wp-content\/uploads\/sites\/23\/2022\/04\/SMEIA-lance-la-iX-100-electrique-sur-le-marche-marocains-746x380-1.jpg\"><\/a><\/li>\n<\/ul>\n<\/div>\n<p><span style=\"color: #ff0000;\"><strong>Production aliment\u00e9e \u00e0 100% avec de l\u2019\u00e9nergie verte<\/strong><\/span><\/p>\n<p>La fabrication du v\u00e9hicule lui-m\u00eame ainsi que des cellules de batterie s\u2019effectuera en int\u00e9gralit\u00e9 avec de l\u2019\u00e9nergie verte. De plus, BMW Group acquiert lui-m\u00eame le cobalt et le lithium n\u00e9cessaires \u00e0 la production des batteries haute-tension aupr\u00e8s de fournisseurs contr\u00f4l\u00e9s par l\u2019entreprise au Maroc et en Australie avant de les livrer aux fabricants de cellules de batteries. Le principe de conception des moteurs \u00e9lectriques permet d\u2019\u00e9viter l\u2019emploi de terres rares dans les rotors. De plus, l\u2019aluminium utilis\u00e9 par l\u2019entreprise est produit en utilisant de l\u2019\u00e9nergie solaire. Par ailleurs, la production de la BMW iX indique faire un usage judicieux des ressources naturelles comme en t\u00e9moignent ses nombreux \u00e9l\u00e9ments en aluminium secondaire et en plastique recycl\u00e9. Son habitacle est orn\u00e9 de bois labellis\u00e9 FSC (Forest Stewardship Council pour la gestion \u00e9cologique), de cuir tann\u00e9 avec de l\u2019extrait de feuille d\u2019olivier et d\u2019autres mat\u00e9riaux naturels. Les rev\u00eatements et les tapis de sol sont fabriqu\u00e9s \u00e0 base de mati\u00e8res premi\u00e8res telles que des filets de p\u00eache recycl\u00e9s.<\/p>\n<p><span style=\"color: #ff0000;\"><strong>Une exp\u00e9rience de conduite in\u00e9gal\u00e9e<\/strong><\/span><\/p>\n<p>La BMW iX offre une exp\u00e9rience de conduite s\u00fbre et confortable et s\u00e9duit autant par son agilit\u00e9 que par son dynamisme. La nouvelle BMW iX xDrive50 est \u00e9galement \u00e9quip\u00e9e de la direction \u00e0 4 roues directrices Integral Active Steering et de freins Sport. Les deux moteurs \u00e9lectriques de la BMW iX peuvent d\u00e9livrer instantan\u00e9ment leur couple maximal d\u00e8s le d\u00e9marrage, et le maintenir sur une tr\u00e8s large plage de r\u00e9gime. Le couple cumul\u00e9 maximal s\u2019\u00e9l\u00e8ve \u00e0 630 Nm pour la BMW iX xDrive40 et \u00e0 765 Nm pour la BMW iX xDrive50. Cette conception maison garantit ainsi des performances et un plaisir de conduire accru. La r\u00e9cup\u00e9ration adaptative d\u2019\u00e9nergie accro\u00eet encore davantage l\u2019efficience et l\u2019autonomie de la BMW iX.<\/p>\n<p><span style=\"color: #ff0000;\"><strong>Une batterie \u00e0 la pointe de la technologie<\/strong><\/span><\/p>\n<p>La cinqui\u00e8me g\u00e9n\u00e9ration de la technologie BMW eDrive comprend une batterie haute tension dot\u00e9e de cellules \u00e0 la pointe de la technologie. La BMW iX xDrive 50 est \u00e9quip\u00e9e d\u2019une batterie haute tension d\u2019une capacit\u00e9 nette de 105,2 kWh (capacit\u00e9 brute : 111.5 kWh), tandis que la batterie de la BMW iX xDrive 40 revendique une capacit\u00e9 nette de 71 kWh (capacit\u00e9 brute : 76,6 kWh). L\u2019unit\u00e9 de recharge combin\u00e9e (CCU) de la BMW iX est con\u00e7ue pour offrir une flexibilit\u00e9 \u00e9lev\u00e9e \u00e0 la recharge. Enfin, sachez que la nouvelle BMW iX est propos\u00e9e \u00e0 partir de 1.005.000 DH TTC. Ces prix affich\u00e9s incluent une borne de recharge 22 kW AC ainsi que deux c\u00e2bles pour recharge publique et domestique. En plus de la garantie de 2 ans des v\u00e9hicules BMW i, les batteries sont garanties 8 ans. Rappelons que ces tarifs sont exon\u00e9r\u00e9s de la taxe de luxe ainsi que du paiement de la vignette annuelle.<\/p>\n<\/div>\n<p>Auteur: ALM<br \/>\n<a href=\"https:\/\/aujourdhui.ma\/automobile\/smeia-lance-la-ix-100-electrique-sur-le-marche-marocain-un-veritable-bond-dans-le-futur\">Cliquez ici pour lire l&rsquo;article depuis sa source.<\/a><\/p>\n","protected":false},"excerpt":{"rendered":"<p>L\u2019exp\u00e9rience de BMW dans l\u2019industrie des v\u00e9hicules \u00e9lectriques ne date pas d\u2019hier puisqu\u2019elle \u00e9tait l\u2019un des premiers constructeurs \u00e0 lancer en 2008 un v\u00e9hicule \u00e9lectrique sur mesure, l\u2019i3, qui s\u2019est av\u00e9r\u00e9 un \u00e9norme succ\u00e8s, m\u00eame en d\u00e9pit de son apparence discutable. Plus d\u2019une une d\u00e9cennie apr\u00e8s, la firme allemande revient en force et pr\u00e9sente pour [&hellip;]<\/p>\n","protected":false},"author":1759,"featured_media":0,"comment_status":"closed","ping_status":"closed","sticky":false,"template":"","format":"standard","meta":{"fifu_image_url":"https:\/\/aujourdhui.ma\/wp-content\/uploads\/2022\/04\/SMEIA-lance-la-iX-100-electrique-sur-le-marche-marocain-300x153.png","fifu_image_alt":"SMEIA lance la iX, 100% \u00e9lectrique, sur le march\u00e9 marocain: Un v\u00e9ritable bond dans le futur","footnotes":""},"categories":[73,54],"tags":[],"class_list":["post-144833","post","type-post","status-publish","format-standard","hentry","category-actualite","category-maroc"],"_links":{"self":[{"href":"https:\/\/linitiative.ca\/International\/wp-json\/wp\/v2\/posts\/144833","targetHints":{"allow":["GET"]}}],"collection":[{"href":"https:\/\/linitiative.ca\/International\/wp-json\/wp\/v2\/posts"}],"about":[{"href":"https:\/\/linitiative.ca\/International\/wp-json\/wp\/v2\/types\/post"}],"author":[{"embeddable":true,"href":"https:\/\/linitiative.ca\/International\/wp-json\/wp\/v2\/users\/1759"}],"replies":[{"embeddable":true,"href":"https:\/\/linitiative.ca\/International\/wp-json\/wp\/v2\/comments?post=144833"}],"version-history":[{"count":0,"href":"https:\/\/linitiative.ca\/International\/wp-json\/wp\/v2\/posts\/144833\/revisions"}],"wp:attachment":[{"href":"https:\/\/linitiative.ca\/International\/wp-json\/wp\/v2\/media?parent=144833"}],"wp:term":[{"taxonomy":"category","embeddable":true,"href":"https:\/\/linitiative.ca\/International\/wp-json\/wp\/v2\/categories?post=144833"},{"taxonomy":"post_tag","embeddable":true,"href":"https:\/\/linitiative.ca\/International\/wp-json\/wp\/v2\/tags?post=144833"}],"curies":[{"name":"wp","href":"https:\/\/api.w.org\/{rel}","templated":true}]}}