{"id":144841,"date":"2022-04-06T10:03:34","date_gmt":"2022-04-06T14:03:34","guid":{"rendered":"https:\/\/linitiative.ca\/International\/le-3eme-volet-des-animaux-fantastiques-dans-les-salles-marocaines-a-partir-du-13-avril\/"},"modified":"2022-04-06T10:03:34","modified_gmt":"2022-04-06T14:03:34","slug":"le-3eme-volet-des-animaux-fantastiques-dans-les-salles-marocaines-a-partir-du-13-avril","status":"publish","type":"post","link":"https:\/\/linitiative.ca\/International\/le-3eme-volet-des-animaux-fantastiques-dans-les-salles-marocaines-a-partir-du-13-avril\/","title":{"rendered":"Le 3\u00e8me volet des \u00abAnimaux fantastiques\u00bb  dans les salles marocaines \u00e0 partir du 13 avril"},"content":{"rendered":"<div>\n<p><img loading=\"lazy\" decoding=\"async\" width=\"300\" height=\"153\" src=\"https:\/\/linitiative.ca\/International\/wp-content\/uploads\/sites\/23\/2022\/04\/Le-3eme-volet-des-Animaux-fantastiques-300x153-1.png\" class=\"attachment-medium size-medium wp-post-image\" alt=\"\" srcset=\"https:\/\/linitiative.ca\/International\/wp-content\/uploads\/sites\/23\/2022\/04\/Le-3eme-volet-des-Animaux-fantastiques-300x153-1.png 300w, https:\/\/aujourdhui.ma\/wp-content\/uploads\/2022\/04\/Le-3eme-volet-des-Animaux-fantastiques-274x140.png 274w, https:\/\/aujourdhui.ma\/wp-content\/uploads\/2022\/04\/Le-3eme-volet-des-Animaux-fantastiques.png 746w, https:\/\/aujourdhui.ma\/wp-content\/uploads\/2022\/04\/Le-3eme-volet-des-Animaux-fantastiques-165x84.png 165w, https:\/\/aujourdhui.ma\/wp-content\/uploads\/2022\/04\/Le-3eme-volet-des-Animaux-fantastiques-702x358.png 702w\" sizes=\"auto, (max-width: 300px) 100vw, 300px\"><\/p>\n<p><span style=\"color: #800000;\"><strong>Parall\u00e8lement \u00e0 sa sortie mondiale<\/strong><\/span><span id=\"more-404418\"><\/span><\/p>\n<p>D\u00e8s le mardi 13 avril, le troisi\u00e8me volet des \u00abAnimaux fantastiques \u2013 Les Secrets de Dumbledore\u00bb, r\u00e9alis\u00e9 par David Yates et produit par la Warner Bros, sera de sortie dans toutes les salles du Megarama. L\u2019annonce est faite par ce r\u00e9seau qui pr\u00e9cise que cette sortie est \u00e9galement mondiale.<br \/>\nD\u00e9j\u00e0, la bande annonce et l\u2019affiche du film r\u00e9v\u00e9l\u00e9s, le 28 f\u00e9vrier dernier, ont, tel que l\u2019exaltent les salles marocaines, \u00absuscit\u00e9 une grande attente chez les fans de la saga\u00bb. \u00abLa bande-annonce donne en effet un aper\u00e7u de l\u2019affrontement exceptionnel entre Dumbledore et son ennemi jur\u00e9 Grindelwald\u00bb, encha\u00eene le r\u00e9seau.<br \/>\nA elle seule, l\u2019affiche du film annonce, selon la m\u00eame source, la couleur : \u00abLa magie revient \u00bb! Ce nouvel \u00e9pisode du spin-off de la saga Harry Potter nous replonge dans l\u2019univers fantastique des moldus et des sorciers de la s\u00e9rie des \u00abAnimaux fantastiques\u00bb\u00bb, ajoutent les salles marocaines.<\/p>\n<p>Ainsi, le grand public pourra d\u00e9couvrir \u00abLes Animaux fantastiques \u2013 Les Secrets de Dumbledore\u00bb dans toutes les Megarama au Maroc \u00e0 Casablanca, Rabat, Tanger, F\u00e8s et Marrakech.<br \/>\nDans l\u2019intrigue, le professeur Albus Dumbledore sait que le puissant sorcier noir Gellert Grindelwald cherche \u00e0 prendre le contr\u00f4le du monde des sorciers. Incapable de l\u2019arr\u00eater seul, il confie au magizoologiste Newt Scamander le soin de diriger une \u00e9quipe intr\u00e9pide de sorciers et de sorci\u00e8res et d\u2019un brave boulanger dans une mission dangereuse, o\u00f9 ils rencontreront des b\u00eates anciennes et nouvelles et se heurteront \u00e0 la fois. Le tout s\u2019\u00e9talant sur 140 minutes. Aussi, de nouvelles images et bande-annonce laissent voir un combat ultime entre Dumbledore et Grindenwald interpr\u00e9t\u00e9s respectivement par Jude Law et Mads Mikkelsen. De plus, le casting rassemble, entre autres, Eddie Redmayne, Mads Mikkelsen et Jude Law ainsi que bien d\u2019autres nouveaux personnages qui y font leur apparition \u00e0 l\u2019instar de Dan Fogler.<\/p>\n<p>Quant \u00e0 David Yates, r\u00e9alisateur britannique de ce film, il est accompagn\u00e9 par les sc\u00e9naristes J. K Rowling et Steve Kloves. Le cin\u00e9aste a, au compteur, d\u2019autres \u0153uvres, notamment \u00abLes Animaux fantastiques : Les Crimes de Grindelwald\u00bb, \u00abHarry Potter et les reliques de la mort\u00bb et bien d\u2019autres. Avant de mener une carri\u00e8re cin\u00e9matographique, il s\u2019est lanc\u00e9 en r\u00e9alisation de courts-m\u00e9trages et d\u2019\u0153uvres pour la t\u00e9l\u00e9vision. Et ce sont les films \u00abHarry Potter\u00bb et \u00abLes Animaux fantastiques\u00bb qui ont fait sa renomm\u00e9e internationale.<\/p>\n<\/div>\n<p>Auteur: Salima Guisser<br \/>\n<a href=\"https:\/\/aujourdhui.ma\/culture\/le-3eme-volet-des-animaux-fantastiques-dans-les-salles-marocaines-a-partir-du-13-avril\">Cliquez ici pour lire l&rsquo;article depuis sa source.<\/a><\/p>\n","protected":false},"excerpt":{"rendered":"<p>Parall\u00e8lement \u00e0 sa sortie mondiale D\u00e8s le mardi 13 avril, le troisi\u00e8me volet des \u00abAnimaux fantastiques \u2013 Les Secrets de Dumbledore\u00bb, r\u00e9alis\u00e9 par David Yates et produit par la Warner Bros, sera de sortie dans toutes les salles du Megarama. L\u2019annonce est faite par ce r\u00e9seau qui pr\u00e9cise que cette sortie est \u00e9galement mondiale. D\u00e9j\u00e0, [&hellip;]<\/p>\n","protected":false},"author":1759,"featured_media":0,"comment_status":"closed","ping_status":"closed","sticky":false,"template":"","format":"standard","meta":{"fifu_image_url":"https:\/\/aujourdhui.ma\/wp-content\/uploads\/2022\/04\/Le-3eme-volet-des-Animaux-fantastiques-300x153.png","fifu_image_alt":"Le 3\u00e8me volet des \u00abAnimaux fantastiques\u00bb  dans les salles marocaines \u00e0 partir du 13 avril","footnotes":""},"categories":[73,54],"tags":[],"class_list":["post-144841","post","type-post","status-publish","format-standard","hentry","category-actualite","category-maroc"],"_links":{"self":[{"href":"https:\/\/linitiative.ca\/International\/wp-json\/wp\/v2\/posts\/144841","targetHints":{"allow":["GET"]}}],"collection":[{"href":"https:\/\/linitiative.ca\/International\/wp-json\/wp\/v2\/posts"}],"about":[{"href":"https:\/\/linitiative.ca\/International\/wp-json\/wp\/v2\/types\/post"}],"author":[{"embeddable":true,"href":"https:\/\/linitiative.ca\/International\/wp-json\/wp\/v2\/users\/1759"}],"replies":[{"embeddable":true,"href":"https:\/\/linitiative.ca\/International\/wp-json\/wp\/v2\/comments?post=144841"}],"version-history":[{"count":0,"href":"https:\/\/linitiative.ca\/International\/wp-json\/wp\/v2\/posts\/144841\/revisions"}],"wp:attachment":[{"href":"https:\/\/linitiative.ca\/International\/wp-json\/wp\/v2\/media?parent=144841"}],"wp:term":[{"taxonomy":"category","embeddable":true,"href":"https:\/\/linitiative.ca\/International\/wp-json\/wp\/v2\/categories?post=144841"},{"taxonomy":"post_tag","embeddable":true,"href":"https:\/\/linitiative.ca\/International\/wp-json\/wp\/v2\/tags?post=144841"}],"curies":[{"name":"wp","href":"https:\/\/api.w.org\/{rel}","templated":true}]}}