{"id":144849,"date":"2022-04-05T14:00:00","date_gmt":"2022-04-05T18:00:00","guid":{"rendered":"https:\/\/linitiative.ca\/International\/une-rencontre-sur-la-lutte-contre-la-violence-a-legard-des-femmes\/"},"modified":"2022-04-05T14:00:00","modified_gmt":"2022-04-05T18:00:00","slug":"une-rencontre-sur-la-lutte-contre-la-violence-a-legard-des-femmes","status":"publish","type":"post","link":"https:\/\/linitiative.ca\/International\/une-rencontre-sur-la-lutte-contre-la-violence-a-legard-des-femmes\/","title":{"rendered":"Une rencontre sur la lutte contre la violence \u00e0 l\u2019\u00e9gard des femmes"},"content":{"rendered":"<div>\n<p class=\"has-text-align-center has-vivid-red-color has-text-color\"><strong>Dakhla<\/strong><\/p>\n<p class=\"has-black-color has-text-color\"><strong>\u00ab\u00a0La violence \u00e0 l\u2019\u00e9gard des femmes: acquis du mouvement f\u00e9minin\u00a0\u00bb a \u00e9t\u00e9 au centre d\u2019une rencontre organis\u00e9e r\u00e9cemment \u00e0 Dakhla, \u00e0 l\u2019initiative de la Commission r\u00e9gionale des droits de l\u2019Homme (CRDH) de Dakhla-Oued Eddahab.<\/strong><\/p>\n<p class=\"has-black-color has-text-color\">Cette rencontre s\u2019inscrit dans le sillage de la campagne nationale pour la lutte contre toutes les formes de violences faites aux femmes, du 25 novembre 2021 au 25 novembre 2022.<br \/>S\u2019exprimant \u00e0 l\u2019ouverture de cette rencontre, la pr\u00e9sidente de la CRDH, Maimouna Essayed, a indiqu\u00e9 que l\u2019organisation de cette rencontre s\u2019inscrit dans la continuit\u00e9 de la contribution des diff\u00e9rentes intervenants \u00e0 enrichir le d\u00e9bat public sur les droits des femmes, partager les exp\u00e9riences et examiner les d\u00e9fis rencontr\u00e9s, \u00e0 m\u00eame d\u2019\u00e9mettre des recommandations susceptibles de renforcer et de promouvoir la protection des droits de la femme.<br \/>Mme Essayed a soulign\u00e9 que cette rencontre est de nature \u00e0 contribuer \u00e0 ce d\u00e9bat \u00e0 travers des recommandations constructives, \u00e9tant donn\u00e9 que le Maroc prendra part cette ann\u00e9e \u00e0 l\u2019Examen p\u00e9riodique universel au Conseil des droits de l\u2019Homme des Nations unies.<\/p>\n<p class=\"has-black-color has-text-color\">Pour sa part, le procureur du Roi pr\u00e8s le tribunal de premi\u00e8re instance d\u2019Oued Eddahab, Said Boutouil, a indiqu\u00e9 que le parquet garantit un bon accueil des femmes victimes de violence par le biais de l\u2019assistante sociale ayant pour mission d\u2019\u00e9couter et d\u2019orienter cette cat\u00e9gorie, notant que le minist\u00e8re public intervient en mati\u00e8re de r\u00e9conciliation afin de pr\u00e9server les liens conjugaux.<br \/>S\u2019agissant du nombre de cas de violences faites aux femmes, M. Boutouil a pr\u00e9cis\u00e9 que le tribunal de premi\u00e8re instance d\u2019Oued Eddahab a enregistr\u00e9 en 2020, un total de 338 plaintes de violences faites aux femmes, 74 plaintes pour abandon de famille et 245 proc\u00e8s-verbaux relatifs \u00e0 la violence \u00e0 l\u2019\u00e9gard des femmes.<\/p>\n<p class=\"has-black-color has-text-color\">Au programme de cette rencontre figurait le bilan de l\u2019intervention du mouvement f\u00e9minin dans le domaine de la violence \u00e0 l\u2019\u00e9gard des femmes au Maroc, le r\u00f4le du mouvement f\u00e9minin dans la sensibilisation \u00e0 la violence \u00e0 l\u2019\u00e9gard des femmes et le renforcement des capacit\u00e9s dans l\u2019accompagnement et le soutien des femmes victimes de violence.<br \/>Ont pris part \u00e0 cette rencontre des acteurs institutionnels, des membres des cellules de prise en charge des femmes et filles victimes de violences, des acteurs de la soci\u00e9t\u00e9 civile, ainsi que des repr\u00e9sentants des associations \u0153uvrant dans le domaine de la protection des femmes et filles contre les violences.<\/p>\n<p>L\u2019article <a rel=\"nofollow\" href=\"http:\/\/albayane.press.ma\/une-rencontre-sur-la-lutte-contre-la-violence-a-legard-des-femmes.html\">Une rencontre sur la lutte contre la violence \u00e0 l\u2019\u00e9gard des femmes<\/a> est apparu en premier sur <a rel=\"nofollow\" href=\"http:\/\/albayane.press.ma\/\">ALBAYANE<\/a>.<\/p>\n<\/div>\n<p>Auteur: M&rsquo;hammed rahal<br \/>\n<a href=\"http:\/\/albayane.press.ma\/une-rencontre-sur-la-lutte-contre-la-violence-a-legard-des-femmes.html\">Cliquez ici pour lire l&rsquo;article depuis sa source.<\/a><\/p>\n","protected":false},"excerpt":{"rendered":"<p>Dakhla \u00ab\u00a0La violence \u00e0 l\u2019\u00e9gard des femmes: acquis du mouvement f\u00e9minin\u00a0\u00bb a \u00e9t\u00e9 au centre d\u2019une rencontre organis\u00e9e r\u00e9cemment \u00e0 Dakhla, \u00e0 l\u2019initiative de la Commission r\u00e9gionale des droits de l\u2019Homme (CRDH) de Dakhla-Oued Eddahab. Cette rencontre s\u2019inscrit dans le sillage de la campagne nationale pour la lutte contre toutes les formes de violences faites [&hellip;]<\/p>\n","protected":false},"author":1760,"featured_media":0,"comment_status":"closed","ping_status":"closed","sticky":false,"template":"","format":"standard","meta":{"fifu_image_url":"","fifu_image_alt":"","footnotes":""},"categories":[73,54],"tags":[],"class_list":["post-144849","post","type-post","status-publish","format-standard","hentry","category-actualite","category-maroc"],"_links":{"self":[{"href":"https:\/\/linitiative.ca\/International\/wp-json\/wp\/v2\/posts\/144849","targetHints":{"allow":["GET"]}}],"collection":[{"href":"https:\/\/linitiative.ca\/International\/wp-json\/wp\/v2\/posts"}],"about":[{"href":"https:\/\/linitiative.ca\/International\/wp-json\/wp\/v2\/types\/post"}],"author":[{"embeddable":true,"href":"https:\/\/linitiative.ca\/International\/wp-json\/wp\/v2\/users\/1760"}],"replies":[{"embeddable":true,"href":"https:\/\/linitiative.ca\/International\/wp-json\/wp\/v2\/comments?post=144849"}],"version-history":[{"count":0,"href":"https:\/\/linitiative.ca\/International\/wp-json\/wp\/v2\/posts\/144849\/revisions"}],"wp:attachment":[{"href":"https:\/\/linitiative.ca\/International\/wp-json\/wp\/v2\/media?parent=144849"}],"wp:term":[{"taxonomy":"category","embeddable":true,"href":"https:\/\/linitiative.ca\/International\/wp-json\/wp\/v2\/categories?post=144849"},{"taxonomy":"post_tag","embeddable":true,"href":"https:\/\/linitiative.ca\/International\/wp-json\/wp\/v2\/tags?post=144849"}],"curies":[{"name":"wp","href":"https:\/\/api.w.org\/{rel}","templated":true}]}}