{"id":144851,"date":"2022-04-05T14:00:00","date_gmt":"2022-04-05T18:00:00","guid":{"rendered":"https:\/\/linitiative.ca\/International\/la-clinique-gangrene\/"},"modified":"2022-04-05T14:00:00","modified_gmt":"2022-04-05T18:00:00","slug":"la-clinique-gangrene","status":"publish","type":"post","link":"https:\/\/linitiative.ca\/International\/la-clinique-gangrene\/","title":{"rendered":"La clinique gangr\u00e8ne !"},"content":{"rendered":"<div>\n<p class=\"has-text-align-left has-black-color has-text-color\"><strong>Le scandale v\u00e9reux qui d\u00e9fraie la chronique en ce d\u00e9but de mois du car\u00eame, n\u2019est autre que l\u2019\u00e9clatement de l\u2019escroquerie immonde d\u2019une clinique d\u2019esth\u00e9tique dont l\u2019auteur fut connu du grand public marocain pour ses actions \u00e0 caract\u00e8re caritatif. Selon des r\u00e9cits parvenus, par-ci, par-l\u00e0, il serait question d\u2019un r\u00e9seau de ,malfrats de l\u2019institution m\u00e9dicale priv\u00e9e dont la pratique consisterait \u00e0 fomenter du faux et d\u2019usage de faux en vue de soutirer des fonds aupr\u00e8s des m\u00e9c\u00e8nes, par le truchement des \u00a0factures gonfl\u00e9es, sous pr\u00e9texte de r\u00e9gler les d\u00e9penses de patients pauvres. Une affaire qui \u00a0ipso facto, a suscit\u00e9 un toll\u00e9 d\u2019indignation sur la sc\u00e8ne de l\u2019opinion publique nationale, non seulement par sa dimension \u00e9hont\u00e9e, mais \u00e0 coup s\u00fbr, par son aspect d\u00e9nonciateur de la situation qui pr\u00e9vaut au sein du secteur dont la r\u00e9putation est souvent point\u00e9e du doigt. Il est certain que ce forfait \u00e9pingl\u00e9 au grand jour par le pouvoir s\u00e9curitaire, n\u2019est que la partie apparente de l\u2019iceberg sans qu\u2019on n\u2019ait le cran ni la volont\u00e9 d\u2019annihiler les nuisances voire les ravages qui r\u00e8gne dans ce d\u00e9partement vital de la soci\u00e9t\u00e9. Sans n\u00e9anmoins verser dans un proc\u00e8s g\u00e9n\u00e9ralisant qui p\u00e9naliserait, en effet une minorit\u00e9 civique et consciencieuse, on est enclin de dire, en cons\u00e9quence que ce qui se passe dans cet espace m\u00e9dical est intol\u00e9rable, \u00a0en ce sens que la rapacit\u00e9 bat son plein. En d\u00e9pit du rappel \u00e0 l\u2019ordre de l\u2019Etat par rapport \u00e0 ces agissements inhumains, notamment la proscription du ch\u00e8que de garantie avant la r\u00e9ception du malade, sous peine de s\u2019opposer \u00e0 son acception dans la clinique, on s\u2019adonne \u00e0 une multitude d\u2019extravagances dont le but est d\u2019agresser au maximum les bourses des clients, pareil \u00e0 des sangsues ravageuses. D\u00e8s que le malade d\u00e9barque sur le palier, il est soumis \u00e0 d\u2019ignoble traitement, sanctionn\u00e9 par l\u2019acte chirurgical, sans toutefois s\u2019assurer de sa n\u00e9cessit\u00e9, car ce qui importe c\u2019est bien les frais de l\u2019intervention et l\u2019hospitalisation. On pourrait parler \u00e9galement de la \u00abcomplicit\u00e9\u00bb qui s\u2019op\u00e8re dans les conduites \u00absoudoy\u00e9es\u00bb entre les divers intervenants du r\u00e9seau priv\u00e9 de ce secteur\u2026Autant d\u2019irr\u00e9gularit\u00e9s qui sont l\u00e9gion dans ce domaine o\u00f9 seul le profit est roi, pour une majorit\u00e9 sans scrupule\u00a0! Comme pr\u00e9c\u00e9demment \u00e9voqu\u00e9, on ne saurait mettre tout le monde dans le m\u00eame panier, ce serait injuste pour une pl\u00e9iade de cadres dont l\u2019int\u00e9grit\u00e9, le savoir-faire et l\u2019affaiblit humaine ne leur font jamais d\u00e9faut. Un s\u00e9rieux assainissement est \u00e0 pr\u00e9voir dans le secteur, aussi bien par les d\u00e9cideurs sectoriels que par les institutions de r\u00e9dhibition de l\u2019Etat, afin de mettre un terme \u00e0 ce comportement de forfaiture crapuleuse.\u00a0 \u00a0\u00a0\u00a0\u00a0\u00a0\u00a0\u00a0\u00a0\u00a0\u00a0\u00a0\u00a0\u00a0\u00a0<\/strong><\/p>\n<p>L\u2019article <a rel=\"nofollow\" href=\"http:\/\/albayane.press.ma\/la-clinique-gangrene.html\">La clinique gangr\u00e8ne !<\/a> est apparu en premier sur <a rel=\"nofollow\" href=\"http:\/\/albayane.press.ma\/\">ALBAYANE<\/a>.<\/p>\n<\/div>\n<p>Auteur: M&rsquo;hammed rahal<br \/>\n<a href=\"http:\/\/albayane.press.ma\/la-clinique-gangrene.html\">Cliquez ici pour lire l&rsquo;article depuis sa source.<\/a><\/p>\n","protected":false},"excerpt":{"rendered":"<p>Le scandale v\u00e9reux qui d\u00e9fraie la chronique en ce d\u00e9but de mois du car\u00eame, n\u2019est autre que l\u2019\u00e9clatement de l\u2019escroquerie immonde d\u2019une clinique d\u2019esth\u00e9tique dont l\u2019auteur fut connu du grand public marocain pour ses actions \u00e0 caract\u00e8re caritatif. Selon des r\u00e9cits parvenus, par-ci, par-l\u00e0, il serait question d\u2019un r\u00e9seau de ,malfrats de l\u2019institution m\u00e9dicale priv\u00e9e [&hellip;]<\/p>\n","protected":false},"author":1760,"featured_media":0,"comment_status":"closed","ping_status":"closed","sticky":false,"template":"","format":"standard","meta":{"fifu_image_url":"","fifu_image_alt":"","footnotes":""},"categories":[73,54],"tags":[],"class_list":["post-144851","post","type-post","status-publish","format-standard","hentry","category-actualite","category-maroc"],"_links":{"self":[{"href":"https:\/\/linitiative.ca\/International\/wp-json\/wp\/v2\/posts\/144851","targetHints":{"allow":["GET"]}}],"collection":[{"href":"https:\/\/linitiative.ca\/International\/wp-json\/wp\/v2\/posts"}],"about":[{"href":"https:\/\/linitiative.ca\/International\/wp-json\/wp\/v2\/types\/post"}],"author":[{"embeddable":true,"href":"https:\/\/linitiative.ca\/International\/wp-json\/wp\/v2\/users\/1760"}],"replies":[{"embeddable":true,"href":"https:\/\/linitiative.ca\/International\/wp-json\/wp\/v2\/comments?post=144851"}],"version-history":[{"count":0,"href":"https:\/\/linitiative.ca\/International\/wp-json\/wp\/v2\/posts\/144851\/revisions"}],"wp:attachment":[{"href":"https:\/\/linitiative.ca\/International\/wp-json\/wp\/v2\/media?parent=144851"}],"wp:term":[{"taxonomy":"category","embeddable":true,"href":"https:\/\/linitiative.ca\/International\/wp-json\/wp\/v2\/categories?post=144851"},{"taxonomy":"post_tag","embeddable":true,"href":"https:\/\/linitiative.ca\/International\/wp-json\/wp\/v2\/tags?post=144851"}],"curies":[{"name":"wp","href":"https:\/\/api.w.org\/{rel}","templated":true}]}}