{"id":144860,"date":"2022-04-06T09:40:30","date_gmt":"2022-04-06T13:40:30","guid":{"rendered":"https:\/\/linitiative.ca\/International\/rachid-talbi-alami-conduit-une-delegation-marocaine-au-parlement-europeen\/"},"modified":"2022-04-06T09:40:30","modified_gmt":"2022-04-06T13:40:30","slug":"rachid-talbi-alami-conduit-une-delegation-marocaine-au-parlement-europeen","status":"publish","type":"post","link":"https:\/\/linitiative.ca\/International\/rachid-talbi-alami-conduit-une-delegation-marocaine-au-parlement-europeen\/","title":{"rendered":"Rachid Talbi Alami conduit une d\u00e9l\u00e9gation marocaine au Parlement europ\u00e9en"},"content":{"rendered":"<div>\n<div class=\"field field-name-body field-type-text-with-summary field-label-hidden\">\n<div class=\"field-items\">\n<div class=\"field-item even\" property=\"content:encoded\">\n<p class=\"rtejustify\">Le pr\u00e9sident de la Chambre des repr\u00e9sentants Rachid Talbi Alami conduit, mercredi, une d\u00e9l\u00e9gation parlementaire marocaine au Parlement europ\u00e9en \u00e0 Strasbourg. Cette visite de travail de deux jours fait suite \u00e0 l\u2019invitation de Roberta Metsola, pr\u00e9sidente du Parlement europ\u00e9en.<\/p>\n<\/div>\n<\/div>\n<\/div>\n<\/div>\n<p>Auteur: hgueye<br \/>\n<a href=\"https:\/\/www.leconomiste.com\/flash-infos\/rachid-talbi-alami-conduit-une-delegation-marocaine-au-parlement-europeen\">Cliquez ici pour lire l&rsquo;article depuis sa source.<\/a><\/p>\n","protected":false},"excerpt":{"rendered":"<p>Le pr\u00e9sident de la Chambre des repr\u00e9sentants Rachid Talbi Alami conduit, mercredi, une d\u00e9l\u00e9gation parlementaire marocaine au Parlement europ\u00e9en \u00e0 Strasbourg. Cette visite de travail de deux jours fait suite \u00e0 l\u2019invitation de Roberta Metsola, pr\u00e9sidente du Parlement europ\u00e9en. Auteur: hgueye Cliquez ici pour lire l&rsquo;article depuis sa source.<\/p>\n","protected":false},"author":1763,"featured_media":0,"comment_status":"closed","ping_status":"closed","sticky":false,"template":"","format":"standard","meta":{"fifu_image_url":"","fifu_image_alt":"","footnotes":""},"categories":[78,54],"tags":[],"class_list":["post-144860","post","type-post","status-publish","format-standard","hentry","category-economie","category-maroc"],"_links":{"self":[{"href":"https:\/\/linitiative.ca\/International\/wp-json\/wp\/v2\/posts\/144860","targetHints":{"allow":["GET"]}}],"collection":[{"href":"https:\/\/linitiative.ca\/International\/wp-json\/wp\/v2\/posts"}],"about":[{"href":"https:\/\/linitiative.ca\/International\/wp-json\/wp\/v2\/types\/post"}],"author":[{"embeddable":true,"href":"https:\/\/linitiative.ca\/International\/wp-json\/wp\/v2\/users\/1763"}],"replies":[{"embeddable":true,"href":"https:\/\/linitiative.ca\/International\/wp-json\/wp\/v2\/comments?post=144860"}],"version-history":[{"count":0,"href":"https:\/\/linitiative.ca\/International\/wp-json\/wp\/v2\/posts\/144860\/revisions"}],"wp:attachment":[{"href":"https:\/\/linitiative.ca\/International\/wp-json\/wp\/v2\/media?parent=144860"}],"wp:term":[{"taxonomy":"category","embeddable":true,"href":"https:\/\/linitiative.ca\/International\/wp-json\/wp\/v2\/categories?post=144860"},{"taxonomy":"post_tag","embeddable":true,"href":"https:\/\/linitiative.ca\/International\/wp-json\/wp\/v2\/tags?post=144860"}],"curies":[{"name":"wp","href":"https:\/\/api.w.org\/{rel}","templated":true}]}}