{"id":144862,"date":"2022-04-06T11:33:11","date_gmt":"2022-04-06T15:33:11","guid":{"rendered":"https:\/\/linitiative.ca\/International\/attijariwafa-bank-et-la-ccis-casablanca-settat-appuient-les-tpe\/"},"modified":"2022-04-06T11:33:11","modified_gmt":"2022-04-06T15:33:11","slug":"attijariwafa-bank-et-la-ccis-casablanca-settat-appuient-les-tpe","status":"publish","type":"post","link":"https:\/\/linitiative.ca\/International\/attijariwafa-bank-et-la-ccis-casablanca-settat-appuient-les-tpe\/","title":{"rendered":"Attijariwafa bank et la CCIS Casablanca-Settat appuient les TPE"},"content":{"rendered":"<div>\n<div class=\"field field-name-body field-type-text-with-summary field-label-hidden\">\n<div class=\"field-items\">\n<div class=\"field-item even\" property=\"content:encoded\">\n<p class=\"rtejustify\">C\u2019est pour soutenir les petites entreprises dans leur croissance que le groupe Attijariwafa bank et la Chambre de commerce, d\u2019industrie et de services de Casablanca-Settat viennent de lancer la premi\u00e8re \u00e9dition de \u00abMachrou3i\u00bb. Ce programme, qui vise les porteurs de projets et petites entreprises de moins de 5 ans d\u2019anciennet\u00e9, int\u00e9grera tout d\u2019abord un volet \u00absensibilisation \u00e0 l\u2019entrepreneuriat\u00bb au sein duquel les participants seront amen\u00e9s \u00e0 ma\u00eetriser des notions cl\u00e9s du domaine telles que les \u00e9tudes de march\u00e9, les business plans et les formes juridiques.<\/p>\n<\/div>\n<\/div>\n<\/div>\n<\/div>\n<p>Auteur: hgueye<br \/>\n<a href=\"https:\/\/www.leconomiste.com\/flash-infos\/attijariwafa-bank-et-la-ccis-casablanca-settat-appuient-les-tpe\">Cliquez ici pour lire l&rsquo;article depuis sa source.<\/a><\/p>\n","protected":false},"excerpt":{"rendered":"<p>C\u2019est pour soutenir les petites entreprises dans leur croissance que le groupe Attijariwafa bank et la Chambre de commerce, d\u2019industrie et de services de Casablanca-Settat viennent de lancer la premi\u00e8re \u00e9dition de \u00abMachrou3i\u00bb. Ce programme, qui vise les porteurs de projets et petites entreprises de moins de 5 ans d\u2019anciennet\u00e9, int\u00e9grera tout d\u2019abord un volet [&hellip;]<\/p>\n","protected":false},"author":1763,"featured_media":0,"comment_status":"closed","ping_status":"closed","sticky":false,"template":"","format":"standard","meta":{"fifu_image_url":"","fifu_image_alt":"","footnotes":""},"categories":[78,54],"tags":[],"class_list":["post-144862","post","type-post","status-publish","format-standard","hentry","category-economie","category-maroc"],"_links":{"self":[{"href":"https:\/\/linitiative.ca\/International\/wp-json\/wp\/v2\/posts\/144862","targetHints":{"allow":["GET"]}}],"collection":[{"href":"https:\/\/linitiative.ca\/International\/wp-json\/wp\/v2\/posts"}],"about":[{"href":"https:\/\/linitiative.ca\/International\/wp-json\/wp\/v2\/types\/post"}],"author":[{"embeddable":true,"href":"https:\/\/linitiative.ca\/International\/wp-json\/wp\/v2\/users\/1763"}],"replies":[{"embeddable":true,"href":"https:\/\/linitiative.ca\/International\/wp-json\/wp\/v2\/comments?post=144862"}],"version-history":[{"count":0,"href":"https:\/\/linitiative.ca\/International\/wp-json\/wp\/v2\/posts\/144862\/revisions"}],"wp:attachment":[{"href":"https:\/\/linitiative.ca\/International\/wp-json\/wp\/v2\/media?parent=144862"}],"wp:term":[{"taxonomy":"category","embeddable":true,"href":"https:\/\/linitiative.ca\/International\/wp-json\/wp\/v2\/categories?post=144862"},{"taxonomy":"post_tag","embeddable":true,"href":"https:\/\/linitiative.ca\/International\/wp-json\/wp\/v2\/tags?post=144862"}],"curies":[{"name":"wp","href":"https:\/\/api.w.org\/{rel}","templated":true}]}}