{"id":144863,"date":"2022-04-06T13:31:17","date_gmt":"2022-04-06T17:31:17","guid":{"rendered":"https:\/\/linitiative.ca\/International\/150-millions-de-dh-pour-le-soutien-aux-etablissements-de-protection-sociale\/"},"modified":"2022-04-06T13:31:17","modified_gmt":"2022-04-06T17:31:17","slug":"150-millions-de-dh-pour-le-soutien-aux-etablissements-de-protection-sociale","status":"publish","type":"post","link":"https:\/\/linitiative.ca\/International\/150-millions-de-dh-pour-le-soutien-aux-etablissements-de-protection-sociale\/","title":{"rendered":"150 millions de DH pour le soutien aux \u00e9tablissements de protection sociale"},"content":{"rendered":"<div>\n<div class=\"field field-name-body field-type-text-with-summary field-label-hidden\">\n<div class=\"field-items\">\n<div class=\"field-item even\" property=\"content:encoded\">\n<p class=\"rtejustify\">La ministre de la Solidarit\u00e9, de l&rsquo;Insertion sociale et de la Famille, Aouatif Hayar, a indiqu\u00e9, mercredi, qu&rsquo;un montant de 150 millions DH a \u00e9t\u00e9 consacr\u00e9 au soutien \u00e0 1.075 \u00e9tablissements de protection sociale au profit de 100.568 b\u00e9n\u00e9ficiaires, au titre de l&rsquo;ann\u00e9e 20222.<\/p>\n<\/div>\n<\/div>\n<\/div>\n<\/div>\n<p>Auteur: hgueye<br \/>\n<a href=\"https:\/\/www.leconomiste.com\/flash-infos\/150-millions-de-dh-pour-le-soutien-aux-etablissements-de-protection-sociale\">Cliquez ici pour lire l&rsquo;article depuis sa source.<\/a><\/p>\n","protected":false},"excerpt":{"rendered":"<p>La ministre de la Solidarit\u00e9, de l&rsquo;Insertion sociale et de la Famille, Aouatif Hayar, a indiqu\u00e9, mercredi, qu&rsquo;un montant de 150 millions DH a \u00e9t\u00e9 consacr\u00e9 au soutien \u00e0 1.075 \u00e9tablissements de protection sociale au profit de 100.568 b\u00e9n\u00e9ficiaires, au titre de l&rsquo;ann\u00e9e 20222. Auteur: hgueye Cliquez ici pour lire l&rsquo;article depuis sa source.<\/p>\n","protected":false},"author":1763,"featured_media":0,"comment_status":"closed","ping_status":"closed","sticky":false,"template":"","format":"standard","meta":{"fifu_image_url":"","fifu_image_alt":"","footnotes":""},"categories":[78,54],"tags":[],"class_list":["post-144863","post","type-post","status-publish","format-standard","hentry","category-economie","category-maroc"],"_links":{"self":[{"href":"https:\/\/linitiative.ca\/International\/wp-json\/wp\/v2\/posts\/144863","targetHints":{"allow":["GET"]}}],"collection":[{"href":"https:\/\/linitiative.ca\/International\/wp-json\/wp\/v2\/posts"}],"about":[{"href":"https:\/\/linitiative.ca\/International\/wp-json\/wp\/v2\/types\/post"}],"author":[{"embeddable":true,"href":"https:\/\/linitiative.ca\/International\/wp-json\/wp\/v2\/users\/1763"}],"replies":[{"embeddable":true,"href":"https:\/\/linitiative.ca\/International\/wp-json\/wp\/v2\/comments?post=144863"}],"version-history":[{"count":0,"href":"https:\/\/linitiative.ca\/International\/wp-json\/wp\/v2\/posts\/144863\/revisions"}],"wp:attachment":[{"href":"https:\/\/linitiative.ca\/International\/wp-json\/wp\/v2\/media?parent=144863"}],"wp:term":[{"taxonomy":"category","embeddable":true,"href":"https:\/\/linitiative.ca\/International\/wp-json\/wp\/v2\/categories?post=144863"},{"taxonomy":"post_tag","embeddable":true,"href":"https:\/\/linitiative.ca\/International\/wp-json\/wp\/v2\/tags?post=144863"}],"curies":[{"name":"wp","href":"https:\/\/api.w.org\/{rel}","templated":true}]}}