{"id":144875,"date":"2022-04-06T07:42:30","date_gmt":"2022-04-06T11:42:30","guid":{"rendered":"https:\/\/linitiative.ca\/International\/maroc-suisse-les-opportunites-dinvestissement-encore-sous-exploitees\/"},"modified":"2022-04-06T07:42:30","modified_gmt":"2022-04-06T11:42:30","slug":"maroc-suisse-les-opportunites-dinvestissement-encore-sous-exploitees","status":"publish","type":"post","link":"https:\/\/linitiative.ca\/International\/maroc-suisse-les-opportunites-dinvestissement-encore-sous-exploitees\/","title":{"rendered":"Maroc-Suisse. Les opportunit\u00e9s d\u2019investissement encore sous-exploit\u00e9es \u00a0\u00a0"},"content":{"rendered":"<div><img decoding=\"async\" width=\"900\" height=\"470\" src=\"https:\/\/linitiative.ca\/International\/wp-content\/uploads\/sites\/23\/2022\/04\/echanges.jpg\" class=\"attachment-post-thumbnail size-post-thumbnail wp-post-image\" alt=\"\" loading=\"lazy\" srcset=\"https:\/\/linitiative.ca\/International\/wp-content\/uploads\/sites\/23\/2022\/04\/echanges.jpg 900w, https:\/\/www.challenge.ma\/wp-content\/uploads\/2020\/10\/echanges-300x157.jpg 300w, https:\/\/www.challenge.ma\/wp-content\/uploads\/2020\/10\/echanges-768x401.jpg 768w, https:\/\/www.challenge.ma\/wp-content\/uploads\/2020\/10\/echanges-360x188.jpg 360w, https:\/\/www.challenge.ma\/wp-content\/uploads\/2020\/10\/echanges-750x392.jpg 750w\" sizes=\"auto, (max-width: 900px) 100vw, 900px\" itemprop=\"image\">Entr\u00e9 en vigueur au Maroc en mars 2000, l\u2019Accord de libre-\u00e9change AELE-Maroc, sign\u00e9 entre le Royaume, la Suisse, la Norv\u00e8ge, l\u2019Islande et la principaut\u00e9 de Liechtenstein, offre d\u2019\u00e9normes opportunit\u00e9s de business qui sont encore sous-exploit\u00e9es par les op\u00e9rateurs \u00e9conomiques suisses et marocains. Afin d\u2019inverser la tendance et booster les \u00e9changes<\/div>\n<p>Auteur: Roland Amoussou<br \/>\n<a href=\"https:\/\/www.challenge.ma\/maroc-suisse-les-opportunites-dinvestissement-encore-sous-exploitees-236279\/\">Cliquez ici pour lire l&rsquo;article depuis sa source.<\/a><\/p>\n","protected":false},"excerpt":{"rendered":"<p>Entr\u00e9 en vigueur au Maroc en mars 2000, l\u2019Accord de libre-\u00e9change AELE-Maroc, sign\u00e9 entre le Royaume, la Suisse, la Norv\u00e8ge, l\u2019Islande et la principaut\u00e9 de Liechtenstein, offre d\u2019\u00e9normes opportunit\u00e9s de business qui sont encore sous-exploit\u00e9es par les op\u00e9rateurs \u00e9conomiques suisses et marocains. Afin d\u2019inverser la tendance et booster les \u00e9changes Auteur: Roland Amoussou Cliquez ici [&hellip;]<\/p>\n","protected":false},"author":1787,"featured_media":0,"comment_status":"closed","ping_status":"closed","sticky":false,"template":"","format":"standard","meta":{"fifu_image_url":"https:\/\/www.challenge.ma\/wp-content\/uploads\/2020\/10\/echanges.jpg","fifu_image_alt":"Maroc-Suisse. Les opportunit\u00e9s d\u2019investissement encore sous-exploit\u00e9es \u00a0\u00a0","footnotes":""},"categories":[78,54],"tags":[],"class_list":["post-144875","post","type-post","status-publish","format-standard","hentry","category-economie","category-maroc"],"_links":{"self":[{"href":"https:\/\/linitiative.ca\/International\/wp-json\/wp\/v2\/posts\/144875","targetHints":{"allow":["GET"]}}],"collection":[{"href":"https:\/\/linitiative.ca\/International\/wp-json\/wp\/v2\/posts"}],"about":[{"href":"https:\/\/linitiative.ca\/International\/wp-json\/wp\/v2\/types\/post"}],"author":[{"embeddable":true,"href":"https:\/\/linitiative.ca\/International\/wp-json\/wp\/v2\/users\/1787"}],"replies":[{"embeddable":true,"href":"https:\/\/linitiative.ca\/International\/wp-json\/wp\/v2\/comments?post=144875"}],"version-history":[{"count":0,"href":"https:\/\/linitiative.ca\/International\/wp-json\/wp\/v2\/posts\/144875\/revisions"}],"wp:attachment":[{"href":"https:\/\/linitiative.ca\/International\/wp-json\/wp\/v2\/media?parent=144875"}],"wp:term":[{"taxonomy":"category","embeddable":true,"href":"https:\/\/linitiative.ca\/International\/wp-json\/wp\/v2\/categories?post=144875"},{"taxonomy":"post_tag","embeddable":true,"href":"https:\/\/linitiative.ca\/International\/wp-json\/wp\/v2\/tags?post=144875"}],"curies":[{"name":"wp","href":"https:\/\/api.w.org\/{rel}","templated":true}]}}