{"id":144877,"date":"2022-04-06T09:22:55","date_gmt":"2022-04-06T13:22:55","guid":{"rendered":"https:\/\/linitiative.ca\/International\/air-europa-annonce-son-retour-au-maroc\/"},"modified":"2022-04-06T09:22:55","modified_gmt":"2022-04-06T13:22:55","slug":"air-europa-annonce-son-retour-au-maroc","status":"publish","type":"post","link":"https:\/\/linitiative.ca\/International\/air-europa-annonce-son-retour-au-maroc\/","title":{"rendered":"Air Europa annonce son retour au Maroc"},"content":{"rendered":"<div><img decoding=\"async\" width=\"742\" height=\"525\" src=\"https:\/\/linitiative.ca\/International\/wp-content\/uploads\/sites\/23\/2022\/04\/AirEuropa.jpeg\" class=\"attachment-post-thumbnail size-post-thumbnail wp-post-image\" alt=\"\" loading=\"lazy\" srcset=\"https:\/\/linitiative.ca\/International\/wp-content\/uploads\/sites\/23\/2022\/04\/AirEuropa.jpeg 742w, https:\/\/www.challenge.ma\/wp-content\/uploads\/2022\/04\/AirEuropa-300x212.jpeg 300w, https:\/\/www.challenge.ma\/wp-content\/uploads\/2022\/04\/AirEuropa-360x255.jpeg 360w\" sizes=\"auto, (max-width: 742px) 100vw, 742px\" itemprop=\"image\">La compagnie a\u00e9rienne espagnole Air Europa annonce la reprise de sa liaison Madrid-Marrakech, qui marque son retour dans le ciel marocain.Le transporteur a\u00e9rien ib\u00e9rique, explique que la r\u00e9ouverture de cette ligne s\u2019inscrit dans le cadre du plan de croissance activ\u00e9 par la compagnie, qui pr\u00e9voit d\u2019adapter l\u2019activit\u00e9 aux besoins du<\/div>\n<p>Auteur: Roland Amoussou<br \/>\n<a href=\"https:\/\/www.challenge.ma\/aerien-air-europa-annonce-son-retour-au-maroc-236284\/\">Cliquez ici pour lire l&rsquo;article depuis sa source.<\/a><\/p>\n","protected":false},"excerpt":{"rendered":"<p>La compagnie a\u00e9rienne espagnole Air Europa annonce la reprise de sa liaison Madrid-Marrakech, qui marque son retour dans le ciel marocain.Le transporteur a\u00e9rien ib\u00e9rique, explique que la r\u00e9ouverture de cette ligne s\u2019inscrit dans le cadre du plan de croissance activ\u00e9 par la compagnie, qui pr\u00e9voit d\u2019adapter l\u2019activit\u00e9 aux besoins du Auteur: Roland Amoussou Cliquez ici [&hellip;]<\/p>\n","protected":false},"author":1787,"featured_media":0,"comment_status":"closed","ping_status":"closed","sticky":false,"template":"","format":"standard","meta":{"fifu_image_url":"https:\/\/www.challenge.ma\/wp-content\/uploads\/2022\/04\/AirEuropa.jpeg","fifu_image_alt":"Air Europa annonce son retour au Maroc","footnotes":""},"categories":[78,54],"tags":[],"class_list":["post-144877","post","type-post","status-publish","format-standard","hentry","category-economie","category-maroc"],"_links":{"self":[{"href":"https:\/\/linitiative.ca\/International\/wp-json\/wp\/v2\/posts\/144877","targetHints":{"allow":["GET"]}}],"collection":[{"href":"https:\/\/linitiative.ca\/International\/wp-json\/wp\/v2\/posts"}],"about":[{"href":"https:\/\/linitiative.ca\/International\/wp-json\/wp\/v2\/types\/post"}],"author":[{"embeddable":true,"href":"https:\/\/linitiative.ca\/International\/wp-json\/wp\/v2\/users\/1787"}],"replies":[{"embeddable":true,"href":"https:\/\/linitiative.ca\/International\/wp-json\/wp\/v2\/comments?post=144877"}],"version-history":[{"count":0,"href":"https:\/\/linitiative.ca\/International\/wp-json\/wp\/v2\/posts\/144877\/revisions"}],"wp:attachment":[{"href":"https:\/\/linitiative.ca\/International\/wp-json\/wp\/v2\/media?parent=144877"}],"wp:term":[{"taxonomy":"category","embeddable":true,"href":"https:\/\/linitiative.ca\/International\/wp-json\/wp\/v2\/categories?post=144877"},{"taxonomy":"post_tag","embeddable":true,"href":"https:\/\/linitiative.ca\/International\/wp-json\/wp\/v2\/tags?post=144877"}],"curies":[{"name":"wp","href":"https:\/\/api.w.org\/{rel}","templated":true}]}}