{"id":144881,"date":"2022-04-06T12:00:00","date_gmt":"2022-04-06T16:00:00","guid":{"rendered":"https:\/\/linitiative.ca\/International\/portrait-hanae-bezad-fondatrice-douar-tech\/"},"modified":"2022-04-06T12:00:00","modified_gmt":"2022-04-06T16:00:00","slug":"portrait-hanae-bezad-fondatrice-douar-tech","status":"publish","type":"post","link":"https:\/\/linitiative.ca\/International\/portrait-hanae-bezad-fondatrice-douar-tech\/","title":{"rendered":"Portrait.\u00a0Hanae Bezad, Fondatrice \u2013 Douar Tech"},"content":{"rendered":"<div><img decoding=\"async\" width=\"1200\" height=\"804\" src=\"https:\/\/linitiative.ca\/International\/wp-content\/uploads\/sites\/23\/2022\/04\/Hanae-Bezad-Fondatrice-Douar-Tech.jpg\" class=\"attachment-post-thumbnail size-post-thumbnail wp-post-image\" alt=\"\" loading=\"lazy\" srcset=\"https:\/\/linitiative.ca\/International\/wp-content\/uploads\/sites\/23\/2022\/04\/Hanae-Bezad-Fondatrice-Douar-Tech.jpg 1200w, https:\/\/www.challenge.ma\/wp-content\/uploads\/2022\/03\/Hanae-Bezad-Fondatrice-Douar-Tech-300x201.jpg 300w, https:\/\/www.challenge.ma\/wp-content\/uploads\/2022\/03\/Hanae-Bezad-Fondatrice-Douar-Tech-1024x686.jpg 1024w, https:\/\/www.challenge.ma\/wp-content\/uploads\/2022\/03\/Hanae-Bezad-Fondatrice-Douar-Tech-768x515.jpg 768w, https:\/\/www.challenge.ma\/wp-content\/uploads\/2022\/03\/Hanae-Bezad-Fondatrice-Douar-Tech-360x241.jpg 360w, https:\/\/www.challenge.ma\/wp-content\/uploads\/2022\/03\/Hanae-Bezad-Fondatrice-Douar-Tech-750x503.jpg 750w\" sizes=\"auto, (max-width: 1200px) 100vw, 1200px\" itemprop=\"image\">Hanae Bezad fait partie des 50 femmes inspirantes qui font bouger les lignes, s\u00e9lectionn\u00e9es dans le hors-s\u00e9rie de notre magazine Challenge \u00ab Les chances du Maroc\u00a0\u00bb, paru le 8 mars dernier en hommage \u00e0 la femme marocaine. Personnage haut en couleur et multifacettes, Hanae Bezad est une globe-trotteuse dans l\u2019\u00e2me.<\/div>\n<p>Auteur: challenge<br \/>\n<a href=\"https:\/\/www.challenge.ma\/portrait-hanae-bezad-fondatrice-douar-tech-234534\/\">Cliquez ici pour lire l&rsquo;article depuis sa source.<\/a><\/p>\n","protected":false},"excerpt":{"rendered":"<p>Hanae Bezad fait partie des 50 femmes inspirantes qui font bouger les lignes, s\u00e9lectionn\u00e9es dans le hors-s\u00e9rie de notre magazine Challenge \u00ab Les chances du Maroc\u00a0\u00bb, paru le 8 mars dernier en hommage \u00e0 la femme marocaine. Personnage haut en couleur et multifacettes, Hanae Bezad est une globe-trotteuse dans l\u2019\u00e2me. Auteur: challenge Cliquez ici pour [&hellip;]<\/p>\n","protected":false},"author":1787,"featured_media":0,"comment_status":"closed","ping_status":"closed","sticky":false,"template":"","format":"standard","meta":{"fifu_image_url":"https:\/\/www.challenge.ma\/wp-content\/uploads\/2022\/03\/Hanae-Bezad-Fondatrice-Douar-Tech.jpg","fifu_image_alt":"Portrait.\u00a0Hanae Bezad, Fondatrice \u2013 Douar Tech","footnotes":""},"categories":[78,54],"tags":[],"class_list":["post-144881","post","type-post","status-publish","format-standard","hentry","category-economie","category-maroc"],"_links":{"self":[{"href":"https:\/\/linitiative.ca\/International\/wp-json\/wp\/v2\/posts\/144881","targetHints":{"allow":["GET"]}}],"collection":[{"href":"https:\/\/linitiative.ca\/International\/wp-json\/wp\/v2\/posts"}],"about":[{"href":"https:\/\/linitiative.ca\/International\/wp-json\/wp\/v2\/types\/post"}],"author":[{"embeddable":true,"href":"https:\/\/linitiative.ca\/International\/wp-json\/wp\/v2\/users\/1787"}],"replies":[{"embeddable":true,"href":"https:\/\/linitiative.ca\/International\/wp-json\/wp\/v2\/comments?post=144881"}],"version-history":[{"count":0,"href":"https:\/\/linitiative.ca\/International\/wp-json\/wp\/v2\/posts\/144881\/revisions"}],"wp:attachment":[{"href":"https:\/\/linitiative.ca\/International\/wp-json\/wp\/v2\/media?parent=144881"}],"wp:term":[{"taxonomy":"category","embeddable":true,"href":"https:\/\/linitiative.ca\/International\/wp-json\/wp\/v2\/categories?post=144881"},{"taxonomy":"post_tag","embeddable":true,"href":"https:\/\/linitiative.ca\/International\/wp-json\/wp\/v2\/tags?post=144881"}],"curies":[{"name":"wp","href":"https:\/\/api.w.org\/{rel}","templated":true}]}}