{"id":144883,"date":"2022-04-06T17:14:15","date_gmt":"2022-04-06T21:14:15","guid":{"rendered":"https:\/\/linitiative.ca\/International\/couverture-sociale-plus-de-16-millions-de-travailleurs-non-salaries-immatricules-a-la-cnss\/"},"modified":"2022-04-06T17:14:15","modified_gmt":"2022-04-06T21:14:15","slug":"couverture-sociale-plus-de-16-millions-de-travailleurs-non-salaries-immatricules-a-la-cnss","status":"publish","type":"post","link":"https:\/\/linitiative.ca\/International\/couverture-sociale-plus-de-16-millions-de-travailleurs-non-salaries-immatricules-a-la-cnss\/","title":{"rendered":"Couverture sociale. Plus de 1,6 millions de travailleurs non-salari\u00e9s immatricul\u00e9s \u00e0 la CNSS"},"content":{"rendered":"<div><img decoding=\"async\" width=\"700\" height=\"400\" src=\"https:\/\/linitiative.ca\/International\/wp-content\/uploads\/sites\/23\/2022\/04\/hassan-boubrik.jpeg\" class=\"attachment-post-thumbnail size-post-thumbnail wp-post-image\" alt=\"\" loading=\"lazy\" srcset=\"https:\/\/linitiative.ca\/International\/wp-content\/uploads\/sites\/23\/2022\/04\/hassan-boubrik.jpeg 700w, https:\/\/www.challenge.ma\/wp-content\/uploads\/2021\/12\/hassan-boubrik-300x171.jpeg 300w, https:\/\/www.challenge.ma\/wp-content\/uploads\/2021\/12\/hassan-boubrik-360x206.jpeg 360w\" sizes=\"auto, (max-width: 700px) 100vw, 700px\" itemprop=\"image\">Selon le directeur g\u00e9n\u00e9ral de la CNSS, Hassan Boubrik, le nombre de travailleurs non-salari\u00e9s immatricul\u00e9s \u00e0 la Caisse nationale de la s\u00e9curit\u00e9 sociale (CNSS), s\u2019est \u00e9lev\u00e9 au 1er avril 2022 \u00e0 1.641.557. \u00ab\u00a0Sur un total de la population concern\u00e9e, estim\u00e9 \u00e0 plus de 3,2 millions, 1.641.557 travailleurs non-salari\u00e9s sont immatricul\u00e9s<\/div>\n<p>Auteur: Roland Amoussou<br \/>\n<a href=\"https:\/\/www.challenge.ma\/couverture-sociale-plus-de-16-millions-de-travailleurs-non-salaries-immatricules-a-la-cnss-236303\/\">Cliquez ici pour lire l&rsquo;article depuis sa source.<\/a><\/p>\n","protected":false},"excerpt":{"rendered":"<p>Selon le directeur g\u00e9n\u00e9ral de la CNSS, Hassan Boubrik, le nombre de travailleurs non-salari\u00e9s immatricul\u00e9s \u00e0 la Caisse nationale de la s\u00e9curit\u00e9 sociale (CNSS), s\u2019est \u00e9lev\u00e9 au 1er avril 2022 \u00e0 1.641.557. \u00ab\u00a0Sur un total de la population concern\u00e9e, estim\u00e9 \u00e0 plus de 3,2 millions, 1.641.557 travailleurs non-salari\u00e9s sont immatricul\u00e9s Auteur: Roland Amoussou Cliquez ici [&hellip;]<\/p>\n","protected":false},"author":1787,"featured_media":0,"comment_status":"closed","ping_status":"closed","sticky":false,"template":"","format":"standard","meta":{"fifu_image_url":"https:\/\/www.challenge.ma\/wp-content\/uploads\/2021\/12\/hassan-boubrik.jpeg","fifu_image_alt":"Couverture sociale. Plus de 1,6 millions de travailleurs non-salari\u00e9s immatricul\u00e9s \u00e0 la CNSS","footnotes":""},"categories":[78,54],"tags":[],"class_list":["post-144883","post","type-post","status-publish","format-standard","hentry","category-economie","category-maroc"],"_links":{"self":[{"href":"https:\/\/linitiative.ca\/International\/wp-json\/wp\/v2\/posts\/144883","targetHints":{"allow":["GET"]}}],"collection":[{"href":"https:\/\/linitiative.ca\/International\/wp-json\/wp\/v2\/posts"}],"about":[{"href":"https:\/\/linitiative.ca\/International\/wp-json\/wp\/v2\/types\/post"}],"author":[{"embeddable":true,"href":"https:\/\/linitiative.ca\/International\/wp-json\/wp\/v2\/users\/1787"}],"replies":[{"embeddable":true,"href":"https:\/\/linitiative.ca\/International\/wp-json\/wp\/v2\/comments?post=144883"}],"version-history":[{"count":0,"href":"https:\/\/linitiative.ca\/International\/wp-json\/wp\/v2\/posts\/144883\/revisions"}],"wp:attachment":[{"href":"https:\/\/linitiative.ca\/International\/wp-json\/wp\/v2\/media?parent=144883"}],"wp:term":[{"taxonomy":"category","embeddable":true,"href":"https:\/\/linitiative.ca\/International\/wp-json\/wp\/v2\/categories?post=144883"},{"taxonomy":"post_tag","embeddable":true,"href":"https:\/\/linitiative.ca\/International\/wp-json\/wp\/v2\/tags?post=144883"}],"curies":[{"name":"wp","href":"https:\/\/api.w.org\/{rel}","templated":true}]}}