{"id":144885,"date":"2022-04-06T16:51:10","date_gmt":"2022-04-06T20:51:10","guid":{"rendered":"https:\/\/linitiative.ca\/International\/tunisie-mae-jerandi-supervise-une-reunion-avec-les-chefs-des-missions-diplomatiques-africaines-accreditees-en-tunisie\/"},"modified":"2022-04-06T16:51:10","modified_gmt":"2022-04-06T20:51:10","slug":"tunisie-mae-jerandi-supervise-une-reunion-avec-les-chefs-des-missions-diplomatiques-africaines-accreditees-en-tunisie","status":"publish","type":"post","link":"https:\/\/linitiative.ca\/International\/tunisie-mae-jerandi-supervise-une-reunion-avec-les-chefs-des-missions-diplomatiques-africaines-accreditees-en-tunisie\/","title":{"rendered":"Tunisie-MAE : Jerandi supervise une r\u00e9union avec les chefs des missions diplomatiques africaines accr\u00e9dit\u00e9es en Tunisie"},"content":{"rendered":"<div>\n<p>Le ministre des Affaires Etrang\u00e8res, M. Othmen Jerandi a supervis\u00e9 ce mercredi 06 avril 2022 une r\u00e9union avec les chefs des missions diplomatiques africaines accr\u00e9dit\u00e9s en Tunisie, en pr\u00e9sence de plusieurs cadres. Le ministre a affirm\u00e9 que cette r\u00e9union s\u2019inscrit dans le cadre du renforcement de la tradition de la concertation et de la coordination [\u2026]<\/p>\n<p>L\u2019article <a href=\"https:\/\/www.tunisienumerique.com\/tunisie-mae-jerandi-supervise-une-reunion-avec-les-chefs-des-missions-diplomatiques-africaines-accreditees-en-tunisie\/\">Tunisie-MAE : Jerandi supervise une r\u00e9union avec les chefs des missions diplomatiques africaines accr\u00e9dit\u00e9es en Tunisie<\/a> est apparu en premier sur <a href=\"https:\/\/www.tunisienumerique.com\/\">Tunisie<\/a>.<\/p>\n<\/div>\n<p>Auteur: rania ben slimane<br \/>\n<a href=\"https:\/\/www.tunisienumerique.com\/tunisie-mae-jerandi-supervise-une-reunion-avec-les-chefs-des-missions-diplomatiques-africaines-accreditees-en-tunisie\/\">Cliquez ici pour lire l&rsquo;article depuis sa source.<\/a><\/p>\n","protected":false},"excerpt":{"rendered":"<p>Le ministre des Affaires Etrang\u00e8res, M. Othmen Jerandi a supervis\u00e9 ce mercredi 06 avril 2022 une r\u00e9union avec les chefs des missions diplomatiques africaines accr\u00e9dit\u00e9s en Tunisie, en pr\u00e9sence de plusieurs cadres. Le ministre a affirm\u00e9 que cette r\u00e9union s\u2019inscrit dans le cadre du renforcement de la tradition de la concertation et de la coordination [&hellip;]<\/p>\n","protected":false},"author":1789,"featured_media":0,"comment_status":"closed","ping_status":"closed","sticky":false,"template":"","format":"standard","meta":{"fifu_image_url":"","fifu_image_alt":"","footnotes":""},"categories":[73,55],"tags":[],"class_list":["post-144885","post","type-post","status-publish","format-standard","hentry","category-actualite","category-tunisie"],"_links":{"self":[{"href":"https:\/\/linitiative.ca\/International\/wp-json\/wp\/v2\/posts\/144885","targetHints":{"allow":["GET"]}}],"collection":[{"href":"https:\/\/linitiative.ca\/International\/wp-json\/wp\/v2\/posts"}],"about":[{"href":"https:\/\/linitiative.ca\/International\/wp-json\/wp\/v2\/types\/post"}],"author":[{"embeddable":true,"href":"https:\/\/linitiative.ca\/International\/wp-json\/wp\/v2\/users\/1789"}],"replies":[{"embeddable":true,"href":"https:\/\/linitiative.ca\/International\/wp-json\/wp\/v2\/comments?post=144885"}],"version-history":[{"count":0,"href":"https:\/\/linitiative.ca\/International\/wp-json\/wp\/v2\/posts\/144885\/revisions"}],"wp:attachment":[{"href":"https:\/\/linitiative.ca\/International\/wp-json\/wp\/v2\/media?parent=144885"}],"wp:term":[{"taxonomy":"category","embeddable":true,"href":"https:\/\/linitiative.ca\/International\/wp-json\/wp\/v2\/categories?post=144885"},{"taxonomy":"post_tag","embeddable":true,"href":"https:\/\/linitiative.ca\/International\/wp-json\/wp\/v2\/tags?post=144885"}],"curies":[{"name":"wp","href":"https:\/\/api.w.org\/{rel}","templated":true}]}}