{"id":144886,"date":"2022-04-06T17:02:16","date_gmt":"2022-04-06T21:02:16","guid":{"rendered":"https:\/\/linitiative.ca\/International\/uefa-cl-benzema-met-les-blues-dos-au-mur-le-bayern-secoue-a-villarreal\/"},"modified":"2022-04-06T17:02:16","modified_gmt":"2022-04-06T21:02:16","slug":"uefa-cl-benzema-met-les-blues-dos-au-mur-le-bayern-secoue-a-villarreal","status":"publish","type":"post","link":"https:\/\/linitiative.ca\/International\/uefa-cl-benzema-met-les-blues-dos-au-mur-le-bayern-secoue-a-villarreal\/","title":{"rendered":"UEFA CL : Benzema met les Blues dos au mur, le Bayern secou\u00e9 \u00e0 Villarreal"},"content":{"rendered":"<div>\n<p>Gr\u00e2ce \u00e0 un excellent Benzema en tr\u00e8s grande forme, le Real Madrid a humili\u00e9 en d\u00e9placement au Stamford Bridge, les Blues de Chelsea (3-1) \u00e0 la fin du quart de finale aller de la Ligue des Champions. Les Merengue peuvent encore remercier Benzema, auteur du tripl\u00e9 madril\u00e8ne (21\u2032, 24\u2032 et 46\u2032), avec lequel la Maison [\u2026]<\/p>\n<p>L\u2019article <a href=\"https:\/\/sport.tunisienumerique.com\/uefa-cl-benzema-met-les-blues-dos-au-mur-le-bayern-secoue-a-villarreal\/\">UEFA CL : Benzema met les Blues dos au mur, le Bayern secou\u00e9 \u00e0 Villarreal<\/a> est apparu en premier sur <a href=\"https:\/\/www.tunisienumerique.com\/\">Tunisie<\/a>.<\/p>\n<\/div>\n<p>Auteur: Hamza Ben Khlifa<br \/>\n<a href=\"https:\/\/sport.tunisienumerique.com\/uefa-cl-benzema-met-les-blues-dos-au-mur-le-bayern-secoue-a-villarreal\/\">Cliquez ici pour lire l&rsquo;article depuis sa source.<\/a><\/p>\n","protected":false},"excerpt":{"rendered":"<p>Gr\u00e2ce \u00e0 un excellent Benzema en tr\u00e8s grande forme, le Real Madrid a humili\u00e9 en d\u00e9placement au Stamford Bridge, les Blues de Chelsea (3-1) \u00e0 la fin du quart de finale aller de la Ligue des Champions. Les Merengue peuvent encore remercier Benzema, auteur du tripl\u00e9 madril\u00e8ne (21\u2032, 24\u2032 et 46\u2032), avec lequel la Maison [&hellip;]<\/p>\n","protected":false},"author":1789,"featured_media":0,"comment_status":"closed","ping_status":"closed","sticky":false,"template":"","format":"standard","meta":{"fifu_image_url":"","fifu_image_alt":"","footnotes":""},"categories":[73,55],"tags":[],"class_list":["post-144886","post","type-post","status-publish","format-standard","hentry","category-actualite","category-tunisie"],"_links":{"self":[{"href":"https:\/\/linitiative.ca\/International\/wp-json\/wp\/v2\/posts\/144886","targetHints":{"allow":["GET"]}}],"collection":[{"href":"https:\/\/linitiative.ca\/International\/wp-json\/wp\/v2\/posts"}],"about":[{"href":"https:\/\/linitiative.ca\/International\/wp-json\/wp\/v2\/types\/post"}],"author":[{"embeddable":true,"href":"https:\/\/linitiative.ca\/International\/wp-json\/wp\/v2\/users\/1789"}],"replies":[{"embeddable":true,"href":"https:\/\/linitiative.ca\/International\/wp-json\/wp\/v2\/comments?post=144886"}],"version-history":[{"count":0,"href":"https:\/\/linitiative.ca\/International\/wp-json\/wp\/v2\/posts\/144886\/revisions"}],"wp:attachment":[{"href":"https:\/\/linitiative.ca\/International\/wp-json\/wp\/v2\/media?parent=144886"}],"wp:term":[{"taxonomy":"category","embeddable":true,"href":"https:\/\/linitiative.ca\/International\/wp-json\/wp\/v2\/categories?post=144886"},{"taxonomy":"post_tag","embeddable":true,"href":"https:\/\/linitiative.ca\/International\/wp-json\/wp\/v2\/tags?post=144886"}],"curies":[{"name":"wp","href":"https:\/\/api.w.org\/{rel}","templated":true}]}}