{"id":144887,"date":"2022-04-06T17:02:41","date_gmt":"2022-04-06T21:02:41","guid":{"rendered":"https:\/\/linitiative.ca\/International\/record-les-tunisiens-font-la-queue-pour-8-millions-de-pains-par-jour\/"},"modified":"2022-04-06T17:02:41","modified_gmt":"2022-04-06T21:02:41","slug":"record-les-tunisiens-font-la-queue-pour-8-millions-de-pains-par-jour","status":"publish","type":"post","link":"https:\/\/linitiative.ca\/International\/record-les-tunisiens-font-la-queue-pour-8-millions-de-pains-par-jour\/","title":{"rendered":"Record : Les tunisiens font la queue pour 8 millions de pains, par jour"},"content":{"rendered":"<div>\n<p>D\u00e8s les premiers jours du Ramadan, les Tunisiens font la queue dans de longues files d\u2019attente, \u00e9puis\u00e9s, pour acheter du pain dans tous les gouvernorats du pays, au milieu des craintes d\u2019une exacerbation de la crise de la p\u00e9nurie de pain dans les prochains jours, alors que les autorit\u00e9s ont d\u00e9clar\u00e9 avoir fourni des quantit\u00e9s [\u2026]<\/p>\n<p>L\u2019article <a href=\"https:\/\/www.tunisienumerique.com\/record-les-tunisiens-font-la-queue-pour-8-millions-de-pains-par-jour\/\">Record : Les tunisiens font la queue pour 8 millions de pains, par jour<\/a> est apparu en premier sur <a href=\"https:\/\/www.tunisienumerique.com\/\">Tunisie<\/a>.<\/p>\n<\/div>\n<p>Auteur: Mohamed Ben Abderrazek<br \/>\n<a href=\"https:\/\/www.tunisienumerique.com\/record-les-tunisiens-font-la-queue-pour-8-millions-de-pains-par-jour\/\">Cliquez ici pour lire l&rsquo;article depuis sa source.<\/a><\/p>\n","protected":false},"excerpt":{"rendered":"<p>D\u00e8s les premiers jours du Ramadan, les Tunisiens font la queue dans de longues files d\u2019attente, \u00e9puis\u00e9s, pour acheter du pain dans tous les gouvernorats du pays, au milieu des craintes d\u2019une exacerbation de la crise de la p\u00e9nurie de pain dans les prochains jours, alors que les autorit\u00e9s ont d\u00e9clar\u00e9 avoir fourni des quantit\u00e9s [&hellip;]<\/p>\n","protected":false},"author":1789,"featured_media":0,"comment_status":"closed","ping_status":"closed","sticky":false,"template":"","format":"standard","meta":{"fifu_image_url":"","fifu_image_alt":"","footnotes":""},"categories":[73,55],"tags":[],"class_list":["post-144887","post","type-post","status-publish","format-standard","hentry","category-actualite","category-tunisie"],"_links":{"self":[{"href":"https:\/\/linitiative.ca\/International\/wp-json\/wp\/v2\/posts\/144887","targetHints":{"allow":["GET"]}}],"collection":[{"href":"https:\/\/linitiative.ca\/International\/wp-json\/wp\/v2\/posts"}],"about":[{"href":"https:\/\/linitiative.ca\/International\/wp-json\/wp\/v2\/types\/post"}],"author":[{"embeddable":true,"href":"https:\/\/linitiative.ca\/International\/wp-json\/wp\/v2\/users\/1789"}],"replies":[{"embeddable":true,"href":"https:\/\/linitiative.ca\/International\/wp-json\/wp\/v2\/comments?post=144887"}],"version-history":[{"count":0,"href":"https:\/\/linitiative.ca\/International\/wp-json\/wp\/v2\/posts\/144887\/revisions"}],"wp:attachment":[{"href":"https:\/\/linitiative.ca\/International\/wp-json\/wp\/v2\/media?parent=144887"}],"wp:term":[{"taxonomy":"category","embeddable":true,"href":"https:\/\/linitiative.ca\/International\/wp-json\/wp\/v2\/categories?post=144887"},{"taxonomy":"post_tag","embeddable":true,"href":"https:\/\/linitiative.ca\/International\/wp-json\/wp\/v2\/tags?post=144887"}],"curies":[{"name":"wp","href":"https:\/\/api.w.org\/{rel}","templated":true}]}}