{"id":144888,"date":"2022-04-06T17:18:33","date_gmt":"2022-04-06T21:18:33","guid":{"rendered":"https:\/\/linitiative.ca\/International\/tunisie-la-relance-de-lactivite-touristique-apres-le-covid-19-au-coeur-dune-seance-de-travail-supervisee-par-bouden\/"},"modified":"2022-04-06T17:18:33","modified_gmt":"2022-04-06T21:18:33","slug":"tunisie-la-relance-de-lactivite-touristique-apres-le-covid-19-au-coeur-dune-seance-de-travail-supervisee-par-bouden","status":"publish","type":"post","link":"https:\/\/linitiative.ca\/International\/tunisie-la-relance-de-lactivite-touristique-apres-le-covid-19-au-coeur-dune-seance-de-travail-supervisee-par-bouden\/","title":{"rendered":"Tunisie : La relance de l\u2019activit\u00e9 touristique apr\u00e8s le Covid-19, au c\u0153ur d\u2019une s\u00e9ance de travail supervis\u00e9e par Bouden"},"content":{"rendered":"<div>\n<p>La Cheffe du gouvernement, Mme. Najla Bouden a supervis\u00e9 ce mercredi matin 06 avril 2022, au Palais de la Kasbah, une s\u00e9ance de travail minist\u00e9rielle sur la relance de l\u2019activit\u00e9 touristique, au cours de laquelle a \u00e9t\u00e9 pr\u00e9sent\u00e9 le plan de relance du tourisme pour la p\u00e9riode post-Covid-19 . Mme. Bouden a rappel\u00e9, au cours [\u2026]<\/p>\n<p>L\u2019article <a href=\"https:\/\/www.tunisienumerique.com\/tunisie-la-relance-de-lactivite-touristique-apres-le-covid-19-au-coeur-dune-seance-de-travail-supervisee-par-bouden\/\">Tunisie : La relance de l\u2019activit\u00e9 touristique apr\u00e8s le Covid-19, au c\u0153ur d\u2019une s\u00e9ance de travail supervis\u00e9e par Bouden<\/a> est apparu en premier sur <a href=\"https:\/\/www.tunisienumerique.com\/\">Tunisie<\/a>.<\/p>\n<\/div>\n<p>Auteur: rania ben slimane<br \/>\n<a href=\"https:\/\/www.tunisienumerique.com\/tunisie-la-relance-de-lactivite-touristique-apres-le-covid-19-au-coeur-dune-seance-de-travail-supervisee-par-bouden\/\">Cliquez ici pour lire l&rsquo;article depuis sa source.<\/a><\/p>\n","protected":false},"excerpt":{"rendered":"<p>La Cheffe du gouvernement, Mme. Najla Bouden a supervis\u00e9 ce mercredi matin 06 avril 2022, au Palais de la Kasbah, une s\u00e9ance de travail minist\u00e9rielle sur la relance de l\u2019activit\u00e9 touristique, au cours de laquelle a \u00e9t\u00e9 pr\u00e9sent\u00e9 le plan de relance du tourisme pour la p\u00e9riode post-Covid-19 . Mme. Bouden a rappel\u00e9, au cours [&hellip;]<\/p>\n","protected":false},"author":1789,"featured_media":0,"comment_status":"closed","ping_status":"closed","sticky":false,"template":"","format":"standard","meta":{"fifu_image_url":"","fifu_image_alt":"","footnotes":""},"categories":[73,55],"tags":[],"class_list":["post-144888","post","type-post","status-publish","format-standard","hentry","category-actualite","category-tunisie"],"_links":{"self":[{"href":"https:\/\/linitiative.ca\/International\/wp-json\/wp\/v2\/posts\/144888","targetHints":{"allow":["GET"]}}],"collection":[{"href":"https:\/\/linitiative.ca\/International\/wp-json\/wp\/v2\/posts"}],"about":[{"href":"https:\/\/linitiative.ca\/International\/wp-json\/wp\/v2\/types\/post"}],"author":[{"embeddable":true,"href":"https:\/\/linitiative.ca\/International\/wp-json\/wp\/v2\/users\/1789"}],"replies":[{"embeddable":true,"href":"https:\/\/linitiative.ca\/International\/wp-json\/wp\/v2\/comments?post=144888"}],"version-history":[{"count":0,"href":"https:\/\/linitiative.ca\/International\/wp-json\/wp\/v2\/posts\/144888\/revisions"}],"wp:attachment":[{"href":"https:\/\/linitiative.ca\/International\/wp-json\/wp\/v2\/media?parent=144888"}],"wp:term":[{"taxonomy":"category","embeddable":true,"href":"https:\/\/linitiative.ca\/International\/wp-json\/wp\/v2\/categories?post=144888"},{"taxonomy":"post_tag","embeddable":true,"href":"https:\/\/linitiative.ca\/International\/wp-json\/wp\/v2\/tags?post=144888"}],"curies":[{"name":"wp","href":"https:\/\/api.w.org\/{rel}","templated":true}]}}