{"id":144889,"date":"2022-04-06T17:19:21","date_gmt":"2022-04-06T21:19:21","guid":{"rendered":"https:\/\/linitiative.ca\/International\/uefa-cl-stats-et-records-de-la-soiree-de-mercredi\/"},"modified":"2022-04-06T17:19:21","modified_gmt":"2022-04-06T21:19:21","slug":"uefa-cl-stats-et-records-de-la-soiree-de-mercredi","status":"publish","type":"post","link":"https:\/\/linitiative.ca\/International\/uefa-cl-stats-et-records-de-la-soiree-de-mercredi\/","title":{"rendered":"UEFA CL : Stats et records de la soir\u00e9e de mercredi"},"content":{"rendered":"<div>\n<p>D\u00e9couvrez dans cet article les recors battus et les stats enregistr\u00e9s \u00e0 l\u2019issue des deux quarts de finale aller de la Ligue des champions entre Chelsea et Real Madrid et Villarreal et Bayern Munich : \u2013 Le gardie s\u00e9n\u00e9galais \u00c9douard Mendy a encaiss\u00e9 8 buts en 20 matchs de Ligue des Champions dont la moiti\u00e9 [\u2026]<\/p>\n<p>L\u2019article <a href=\"https:\/\/www.tunisienumerique.com\/uefa-cl-stats-et-records-de-la-soiree-de-mercredi\/\">UEFA CL : Stats et records de la soir\u00e9e de mercredi<\/a> est apparu en premier sur <a href=\"https:\/\/www.tunisienumerique.com\/\">Tunisie<\/a>.<\/p>\n<\/div>\n<p>Auteur: Hamza Ben Khlifa<br \/>\n<a href=\"https:\/\/www.tunisienumerique.com\/uefa-cl-stats-et-records-de-la-soiree-de-mercredi\/\">Cliquez ici pour lire l&rsquo;article depuis sa source.<\/a><\/p>\n","protected":false},"excerpt":{"rendered":"<p>D\u00e9couvrez dans cet article les recors battus et les stats enregistr\u00e9s \u00e0 l\u2019issue des deux quarts de finale aller de la Ligue des champions entre Chelsea et Real Madrid et Villarreal et Bayern Munich : \u2013 Le gardie s\u00e9n\u00e9galais \u00c9douard Mendy a encaiss\u00e9 8 buts en 20 matchs de Ligue des Champions dont la moiti\u00e9 [&hellip;]<\/p>\n","protected":false},"author":1789,"featured_media":0,"comment_status":"closed","ping_status":"closed","sticky":false,"template":"","format":"standard","meta":{"fifu_image_url":"","fifu_image_alt":"","footnotes":""},"categories":[73,55],"tags":[],"class_list":["post-144889","post","type-post","status-publish","format-standard","hentry","category-actualite","category-tunisie"],"_links":{"self":[{"href":"https:\/\/linitiative.ca\/International\/wp-json\/wp\/v2\/posts\/144889","targetHints":{"allow":["GET"]}}],"collection":[{"href":"https:\/\/linitiative.ca\/International\/wp-json\/wp\/v2\/posts"}],"about":[{"href":"https:\/\/linitiative.ca\/International\/wp-json\/wp\/v2\/types\/post"}],"author":[{"embeddable":true,"href":"https:\/\/linitiative.ca\/International\/wp-json\/wp\/v2\/users\/1789"}],"replies":[{"embeddable":true,"href":"https:\/\/linitiative.ca\/International\/wp-json\/wp\/v2\/comments?post=144889"}],"version-history":[{"count":0,"href":"https:\/\/linitiative.ca\/International\/wp-json\/wp\/v2\/posts\/144889\/revisions"}],"wp:attachment":[{"href":"https:\/\/linitiative.ca\/International\/wp-json\/wp\/v2\/media?parent=144889"}],"wp:term":[{"taxonomy":"category","embeddable":true,"href":"https:\/\/linitiative.ca\/International\/wp-json\/wp\/v2\/categories?post=144889"},{"taxonomy":"post_tag","embeddable":true,"href":"https:\/\/linitiative.ca\/International\/wp-json\/wp\/v2\/tags?post=144889"}],"curies":[{"name":"wp","href":"https:\/\/api.w.org\/{rel}","templated":true}]}}