{"id":144890,"date":"2022-04-06T15:49:13","date_gmt":"2022-04-06T19:49:13","guid":{"rendered":"https:\/\/linitiative.ca\/International\/transition-politique-au-mali-mariko-le-poil-a-gratter-de-la-junte\/"},"modified":"2022-04-06T15:49:13","modified_gmt":"2022-04-06T19:49:13","slug":"transition-politique-au-mali-mariko-le-poil-a-gratter-de-la-junte","status":"publish","type":"post","link":"https:\/\/linitiative.ca\/International\/transition-politique-au-mali-mariko-le-poil-a-gratter-de-la-junte\/","title":{"rendered":"TRANSITION POLITIQUE AU MALI : Mariko, le poil \u00e0 gratter de la junte"},"content":{"rendered":"<div>\n<p><img loading=\"lazy\" decoding=\"async\" width=\"318\" height=\"159\" src=\"https:\/\/linitiative.ca\/International\/wp-content\/uploads\/sites\/23\/2022\/04\/MARIKO.jpg\" class=\"attachment- size- wp-post-image\" alt=\"\" style=\"float:left; margin:0 15px 15px 0;\" srcset=\"https:\/\/linitiative.ca\/International\/wp-content\/uploads\/sites\/23\/2022\/04\/MARIKO.jpg 318w, https:\/\/lepays.bf\/wp-content\/uploads\/2022\/04\/MARIKO-300x150.jpg 300w, https:\/\/lepays.bf\/wp-content\/uploads\/2022\/04\/MARIKO-150x75.jpg 150w\" sizes=\"auto, (max-width: 318px) 100vw, 318px\">Depuis le 4 avril dernier, l\u2019opposant malien, pr\u00e9sident du parti Sadi, Oumar Mariko, vit terr\u00e9 parce que recherch\u00e9 par les forces de s\u00e9curit\u00e9. Accus\u00e9 d\u2019\u00eatre l\u2019auteur de propos tr\u00e8s critiques contre les Forces arm\u00e9es maliennes (FAMa) actuellement point\u00e9es du doigt par les organisations de d\u00e9fense [\u2026]<\/p>\n<p>L\u2019article <a rel=\"nofollow\" href=\"https:\/\/lepays.bf\/transition-politique-au-mali-mariko-le-poil-a-gratter-de-la-junte\/\">TRANSITION POLITIQUE AU MALI : Mariko, le poil \u00e0 gratter de la junte<\/a> est apparu en premier sur <a rel=\"nofollow\" href=\"https:\/\/lepays.bf\/\">Editions Le Pays<\/a>.<\/p>\n<\/div>\n<p>Auteur: Editions LEPAYS<br \/>\n<a href=\"https:\/\/lepays.bf\/transition-politique-au-mali-mariko-le-poil-a-gratter-de-la-junte\/\">Cliquez ici pour lire l&rsquo;article depuis sa source.<\/a><\/p>\n","protected":false},"excerpt":{"rendered":"<p>Depuis le 4 avril dernier, l\u2019opposant malien, pr\u00e9sident du parti Sadi, Oumar Mariko, vit terr\u00e9 parce que recherch\u00e9 par les forces de s\u00e9curit\u00e9. Accus\u00e9 d\u2019\u00eatre l\u2019auteur de propos tr\u00e8s critiques contre les Forces arm\u00e9es maliennes (FAMa) actuellement point\u00e9es du doigt par les organisations de d\u00e9fense [\u2026] L\u2019article TRANSITION POLITIQUE AU MALI : Mariko, le poil [&hellip;]<\/p>\n","protected":false},"author":1813,"featured_media":0,"comment_status":"closed","ping_status":"closed","sticky":false,"template":"","format":"standard","meta":{"fifu_image_url":"https:\/\/lepays.bf\/wp-content\/uploads\/2022\/04\/MARIKO.jpg","fifu_image_alt":"TRANSITION POLITIQUE AU MALI : Mariko, le poil \u00e0 gratter de la junte","footnotes":""},"categories":[73,81],"tags":[],"class_list":["post-144890","post","type-post","status-publish","format-standard","hentry","category-actualite","category-burkina-faso"],"_links":{"self":[{"href":"https:\/\/linitiative.ca\/International\/wp-json\/wp\/v2\/posts\/144890","targetHints":{"allow":["GET"]}}],"collection":[{"href":"https:\/\/linitiative.ca\/International\/wp-json\/wp\/v2\/posts"}],"about":[{"href":"https:\/\/linitiative.ca\/International\/wp-json\/wp\/v2\/types\/post"}],"author":[{"embeddable":true,"href":"https:\/\/linitiative.ca\/International\/wp-json\/wp\/v2\/users\/1813"}],"replies":[{"embeddable":true,"href":"https:\/\/linitiative.ca\/International\/wp-json\/wp\/v2\/comments?post=144890"}],"version-history":[{"count":0,"href":"https:\/\/linitiative.ca\/International\/wp-json\/wp\/v2\/posts\/144890\/revisions"}],"wp:attachment":[{"href":"https:\/\/linitiative.ca\/International\/wp-json\/wp\/v2\/media?parent=144890"}],"wp:term":[{"taxonomy":"category","embeddable":true,"href":"https:\/\/linitiative.ca\/International\/wp-json\/wp\/v2\/categories?post=144890"},{"taxonomy":"post_tag","embeddable":true,"href":"https:\/\/linitiative.ca\/International\/wp-json\/wp\/v2\/tags?post=144890"}],"curies":[{"name":"wp","href":"https:\/\/api.w.org\/{rel}","templated":true}]}}