{"id":144892,"date":"2022-04-06T12:49:15","date_gmt":"2022-04-06T16:49:15","guid":{"rendered":"https:\/\/linitiative.ca\/International\/education-nationale-le-calendrier-scolaire-remanie-au-burkina-faso\/"},"modified":"2022-04-06T12:49:15","modified_gmt":"2022-04-06T16:49:15","slug":"education-nationale-le-calendrier-scolaire-remanie-au-burkina-faso","status":"publish","type":"post","link":"https:\/\/linitiative.ca\/International\/education-nationale-le-calendrier-scolaire-remanie-au-burkina-faso\/","title":{"rendered":"Education nationale : le calendrier scolaire remani\u00e9 au Burkina Faso"},"content":{"rendered":"<div>\n<p>La fin des cours est d\u00e9sormais fix\u00e9e au 31 mai 2022 au Burkina Faso dans tous les \u00e9tablissements du pr\u00e9scolaire au secondaire et les examens scolaires d\u00e9buteront d\u00e9sormais \u00e0 partir du 2 juin.<\/p>\n<p>Ces nouvelles dates ont \u00e9t\u00e9 rendues publiques \u00e0 travers un communiqu\u00e9 du Minist\u00e8re de l\u2019Education nationale et de la Promotion des Langues nationales. En modifiant ainsi le calendrier scolaire, le minist\u00e8re dit vouloir se conformer \u00e0 la directive de l\u2019UEMOA qui prescrit aux Etats membres d\u2019organiser l\u2019examen du baccalaur\u00e9at entre le 18 et le 21 juin.<\/p>\n<p>Le calendrier initial pr\u00e9voyait l\u2019arr\u00eat le 4 juin et le d\u00e9but des examens le 7 juin 2022.<\/p>\n<p style=\"text-align: right\"><strong>F.O.<\/strong><\/p>\n<p><img decoding=\"async\" loading=\"lazy\" class=\"alignnone wp-image-47712 size-full\" src=\"https:\/\/linitiative.ca\/International\/wp-content\/uploads\/sites\/23\/2022\/04\/Ph-arrete.jpeg\" alt=\"\" width=\"1063\" height=\"1536\" srcset=\"https:\/\/linitiative.ca\/International\/wp-content\/uploads\/sites\/23\/2022\/04\/Ph-arrete.jpeg 1063w, https:\/\/www.sidwaya.info\/wp-content\/uploads\/2022\/04\/Ph-arrete-208x300.jpeg 208w, https:\/\/www.sidwaya.info\/wp-content\/uploads\/2022\/04\/Ph-arrete-709x1024.jpeg 709w, https:\/\/www.sidwaya.info\/wp-content\/uploads\/2022\/04\/Ph-arrete-768x1110.jpeg 768w, https:\/\/www.sidwaya.info\/wp-content\/uploads\/2022\/04\/Ph-arrete-150x217.jpeg 150w, https:\/\/www.sidwaya.info\/wp-content\/uploads\/2022\/04\/Ph-arrete-300x433.jpeg 300w, https:\/\/www.sidwaya.info\/wp-content\/uploads\/2022\/04\/Ph-arrete-696x1006.jpeg 696w, https:\/\/www.sidwaya.info\/wp-content\/uploads\/2022\/04\/Ph-arrete-291x420.jpeg 291w\" sizes=\"auto, (max-width: 1063px) 100vw, 1063px\"><\/p>\n<p>L\u2019article <a rel=\"nofollow\" href=\"https:\/\/www.sidwaya.info\/blog\/2022\/04\/06\/education-nationale-le-calendrier-scolaire-remanie-au-burkina-faso\/\">Education nationale : le calendrier scolaire remani\u00e9 au Burkina Faso<\/a> est apparu en premier sur <a rel=\"nofollow\" href=\"https:\/\/www.sidwaya.info\/\">Quotidien Sidwaya<\/a>.<\/p>\n<\/div>\n<p>Auteur: Wamini SIDWAYA<br \/>\n<a href=\"https:\/\/www.sidwaya.info\/blog\/2022\/04\/06\/education-nationale-le-calendrier-scolaire-remanie-au-burkina-faso\/?utm_source=rss&#038;utm_medium=rss&#038;utm_campaign=education-nationale-le-calendrier-scolaire-remanie-au-burkina-faso\">Cliquez ici pour lire l&rsquo;article depuis sa source.<\/a><\/p>\n","protected":false},"excerpt":{"rendered":"<p>La fin des cours est d\u00e9sormais fix\u00e9e au 31 mai 2022 au Burkina Faso dans tous les \u00e9tablissements du pr\u00e9scolaire au secondaire et les examens scolaires d\u00e9buteront d\u00e9sormais \u00e0 partir du 2 juin. Ces nouvelles dates ont \u00e9t\u00e9 rendues publiques \u00e0 travers un communiqu\u00e9 du Minist\u00e8re de l\u2019Education nationale et de la Promotion des Langues [&hellip;]<\/p>\n","protected":false},"author":1816,"featured_media":0,"comment_status":"closed","ping_status":"closed","sticky":false,"template":"","format":"standard","meta":{"fifu_image_url":"https:\/\/www.sidwaya.info\/wp-content\/uploads\/2022\/04\/Ph-arrete.jpeg","fifu_image_alt":"Education nationale : le calendrier scolaire remani\u00e9 au Burkina Faso","footnotes":""},"categories":[73,81],"tags":[],"class_list":["post-144892","post","type-post","status-publish","format-standard","hentry","category-actualite","category-burkina-faso"],"_links":{"self":[{"href":"https:\/\/linitiative.ca\/International\/wp-json\/wp\/v2\/posts\/144892","targetHints":{"allow":["GET"]}}],"collection":[{"href":"https:\/\/linitiative.ca\/International\/wp-json\/wp\/v2\/posts"}],"about":[{"href":"https:\/\/linitiative.ca\/International\/wp-json\/wp\/v2\/types\/post"}],"author":[{"embeddable":true,"href":"https:\/\/linitiative.ca\/International\/wp-json\/wp\/v2\/users\/1816"}],"replies":[{"embeddable":true,"href":"https:\/\/linitiative.ca\/International\/wp-json\/wp\/v2\/comments?post=144892"}],"version-history":[{"count":0,"href":"https:\/\/linitiative.ca\/International\/wp-json\/wp\/v2\/posts\/144892\/revisions"}],"wp:attachment":[{"href":"https:\/\/linitiative.ca\/International\/wp-json\/wp\/v2\/media?parent=144892"}],"wp:term":[{"taxonomy":"category","embeddable":true,"href":"https:\/\/linitiative.ca\/International\/wp-json\/wp\/v2\/categories?post=144892"},{"taxonomy":"post_tag","embeddable":true,"href":"https:\/\/linitiative.ca\/International\/wp-json\/wp\/v2\/tags?post=144892"}],"curies":[{"name":"wp","href":"https:\/\/api.w.org\/{rel}","templated":true}]}}