{"id":144894,"date":"2022-04-06T13:02:10","date_gmt":"2022-04-06T17:02:10","guid":{"rendered":"https:\/\/linitiative.ca\/International\/conseil-des-ministres-adoption-dun-decret-portant-modification-du-decret-n2020-0709-pres-mj-minefid-du-21-aout-2020-portant-renouvellement-des-membres-du-conseil-superieur\/"},"modified":"2022-04-06T13:02:10","modified_gmt":"2022-04-06T17:02:10","slug":"conseil-des-ministres-adoption-dun-decret-portant-modification-du-decret-n2020-0709-pres-mj-minefid-du-21-aout-2020-portant-renouvellement-des-membres-du-conseil-superieur","status":"publish","type":"post","link":"https:\/\/linitiative.ca\/International\/conseil-des-ministres-adoption-dun-decret-portant-modification-du-decret-n2020-0709-pres-mj-minefid-du-21-aout-2020-portant-renouvellement-des-membres-du-conseil-superieur\/","title":{"rendered":"Conseil des ministres\u00a0: Adoption \u00a0d\u2019un d\u00e9cret portant modification du d\u00e9cret n\u00b02020-0709\/PRES\/MJ\/MINEFID du 21 ao\u00fbt 2020 portant renouvellement des membres du Conseil sup\u00e9rieur de la magistrature."},"content":{"rendered":"<div>\n<p>La modification de ce d\u00e9cret vise \u00e0 int\u00e9grer le premier Pr\u00e9sident et le Commissaire du gouvernement de la Cour administrative d\u2019appel, au titre des membres de droit dans la composition du Conseil sup\u00e9rieur de la magistrature. L\u2019adoption de ce d\u00e9cret permet de se conformer aux dispositions de la loi organique n\u00b0049-2015\/CNT du 25 ao\u00fbt 2015 portant organisation, composition, attributions et fonctionnement du Conseil sup\u00e9rieur de la magistrature.<\/p>\n<p>L\u2019article <a rel=\"nofollow\" href=\"https:\/\/www.sidwaya.info\/blog\/2022\/04\/06\/conseil-des-ministres-adoption-dun-decret-portant-modification-du-decret-n2020-0709-pres-mj-minefid-du-21-aout-2020-portant-renouvellement-des-membres-du-conseil-superieur\/\">Conseil des ministres\u00a0: Adoption \u00a0d\u2019un d\u00e9cret portant modification du d\u00e9cret n\u00b02020-0709\/PRES\/MJ\/MINEFID du 21 ao\u00fbt 2020 portant renouvellement des membres du Conseil sup\u00e9rieur de la magistrature.<\/a> est apparu en premier sur <a rel=\"nofollow\" href=\"https:\/\/www.sidwaya.info\/\">Quotidien Sidwaya<\/a>.<\/p>\n<\/div>\n<p>Auteur: Wamini SIDWAYA<br \/>\n<a href=\"https:\/\/www.sidwaya.info\/blog\/2022\/04\/06\/conseil-des-ministres-adoption-dun-decret-portant-modification-du-decret-n2020-0709-pres-mj-minefid-du-21-aout-2020-portant-renouvellement-des-membres-du-conseil-superieur\/?utm_source=rss&#038;utm_medium=rss&#038;utm_campaign=conseil-des-ministres-adoption-dun-decret-portant-modification-du-decret-n2020-0709-pres-mj-minefid-du-21-aout-2020-portant-renouvellement-des-membres-du-conseil-superieur\">Cliquez ici pour lire l&rsquo;article depuis sa source.<\/a><\/p>\n","protected":false},"excerpt":{"rendered":"<p>La modification de ce d\u00e9cret vise \u00e0 int\u00e9grer le premier Pr\u00e9sident et le Commissaire du gouvernement de la Cour administrative d\u2019appel, au titre des membres de droit dans la composition du Conseil sup\u00e9rieur de la magistrature. L\u2019adoption de ce d\u00e9cret permet de se conformer aux dispositions de la loi organique n\u00b0049-2015\/CNT du 25 ao\u00fbt 2015 [&hellip;]<\/p>\n","protected":false},"author":1816,"featured_media":0,"comment_status":"closed","ping_status":"closed","sticky":false,"template":"","format":"standard","meta":{"fifu_image_url":"","fifu_image_alt":"","footnotes":""},"categories":[73,81],"tags":[],"class_list":["post-144894","post","type-post","status-publish","format-standard","hentry","category-actualite","category-burkina-faso"],"_links":{"self":[{"href":"https:\/\/linitiative.ca\/International\/wp-json\/wp\/v2\/posts\/144894","targetHints":{"allow":["GET"]}}],"collection":[{"href":"https:\/\/linitiative.ca\/International\/wp-json\/wp\/v2\/posts"}],"about":[{"href":"https:\/\/linitiative.ca\/International\/wp-json\/wp\/v2\/types\/post"}],"author":[{"embeddable":true,"href":"https:\/\/linitiative.ca\/International\/wp-json\/wp\/v2\/users\/1816"}],"replies":[{"embeddable":true,"href":"https:\/\/linitiative.ca\/International\/wp-json\/wp\/v2\/comments?post=144894"}],"version-history":[{"count":0,"href":"https:\/\/linitiative.ca\/International\/wp-json\/wp\/v2\/posts\/144894\/revisions"}],"wp:attachment":[{"href":"https:\/\/linitiative.ca\/International\/wp-json\/wp\/v2\/media?parent=144894"}],"wp:term":[{"taxonomy":"category","embeddable":true,"href":"https:\/\/linitiative.ca\/International\/wp-json\/wp\/v2\/categories?post=144894"},{"taxonomy":"post_tag","embeddable":true,"href":"https:\/\/linitiative.ca\/International\/wp-json\/wp\/v2\/tags?post=144894"}],"curies":[{"name":"wp","href":"https:\/\/api.w.org\/{rel}","templated":true}]}}