{"id":144895,"date":"2022-04-06T13:40:46","date_gmt":"2022-04-06T17:40:46","guid":{"rendered":"https:\/\/linitiative.ca\/International\/comoe-une-pluie-cause-des-degats-a-fabedougou\/"},"modified":"2022-04-06T13:40:46","modified_gmt":"2022-04-06T17:40:46","slug":"comoe-une-pluie-cause-des-degats-a-fabedougou","status":"publish","type":"post","link":"https:\/\/linitiative.ca\/International\/comoe-une-pluie-cause-des-degats-a-fabedougou\/","title":{"rendered":"COMOE: Une pluie cause des d\u00e9g\u00e2ts \u00a0\u00e0 Fab\u00e9dougou"},"content":{"rendered":"<div>\n<p><strong>Une violente pluie a caus\u00e9 des d\u00e9g\u00e2ts mat\u00e9riels et \u00e9cologiques dans le village de Fab\u00e9dougou, c\u00e9l\u00e8bre \u00a0pour ses d\u00f4mes. Plusieurs arbres et maisons ont \u00e9t\u00e9 impact\u00e9s.<\/strong><\/p>\n<p>Une forte pluie tomb\u00e9e, accompagn\u00e9e de vent violent le mardi 5 avril 2022 aux environs de 18 heures \u00e0 Fab\u00e9dougou, a caus\u00e9 un d\u00e9sastre. A en croire une victime qui a perdu son auvent et le toit du salon de sa maison, tout a d\u00e9but\u00e9 aux environs de 18 heures. Il explique que le vent a souffl\u00e9 en trois \u00e9tapes\u00a0; et c\u2019est la deuxi\u00e8me qui a commenc\u00e9 en m\u00eame temps que la pluie qui a \u00e9t\u00e9 tr\u00e8s violente et d\u00e9vastatrice. En effet, Fab\u00e9dougou, un village quelque peu perch\u00e9 sur la colline situ\u00e9 \u00e0 environ 15 km de la commune de Banfora, est connu pour ses d\u00f4mes qui enregistrent chaque ann\u00e9e des touristes et visiteurs venus du monde entier. Mais ce mercredi 06 avril \u00e0 Fab\u00e9dougou, c\u2019\u00e9tait la d\u00e9solation. Apr\u00e8s avoir franchi les d\u00f4mes et une fois les pieds \u00e0 Fab\u00e9dougou, on croirait \u00e0 une sc\u00e8ne de science-fiction. Des deux c\u00f4t\u00e9s de la route traversant le village, on apercevait de gauche \u00e0 droite, des arbres terrass\u00e9s, des branches d\u2019arbres arrach\u00e9es, des toits de maisons d\u00e9coiff\u00e9es, etc. Ce sont des dizaines d\u2019arbres qui ont \u00e9t\u00e9 d\u00e9truits dans le village. Les r\u00f4niers, une esp\u00e8ce g\u00e9n\u00e9ralement \u00e9pargn\u00e9e par les vents violents dans cette r\u00e9gion, n\u2019ont pas tenu face au courroux de ce vent. Le toit d\u2019un lieu de culte religieux du village a m\u00eame \u00e9t\u00e9 arrach\u00e9 par le vent.<\/p>\n<p style=\"text-align: right\">\u00a0\u00a0\u00a0\u00a0\u00a0\u00a0\u00a0\u00a0\u00a0\u00a0\u00a0\u00a0\u00a0\u00a0\u00a0\u00a0\u00a0\u00a0\u00a0\u00a0\u00a0\u00a0\u00a0\u00a0\u00a0\u00a0\u00a0\u00a0\u00a0\u00a0\u00a0\u00a0\u00a0\u00a0\u00a0\u00a0\u00a0\u00a0\u00a0\u00a0\u00a0\u00a0\u00a0\u00a0\u00a0\u00a0\u00a0\u00a0\u00a0\u00a0\u00a0\u00a0\u00a0\u00a0\u00a0\u00a0\u00a0\u00a0\u00a0\u00a0\u00a0\u00a0\u00a0\u00a0\u00a0\u00a0\u00a0\u00a0\u00a0\u00a0\u00a0\u00a0\u00a0\u00a0\u00a0\u00a0\u00a0\u00a0\u00a0\u00a0\u00a0 \u00a0 \u00a0 \u00a0 \u00a0 \u00a0 \u00a0 \u00a0 \u00a0 \u00a0 \u00a0 \u00a0 \u00a0 \u00a0 \u00a0 \u00a0 \u00a0 \u00a0 \u00a0 \u00a0 \u00a0 \u00a0 \u00a0 \u00a0 \u00a0 \u00a0 \u00a0 \u00a0 \u00a0 \u00a0 \u00a0 \u00a0<strong>Mamadou YERE<\/strong><\/p>\n<p>L\u2019article <a rel=\"nofollow\" href=\"https:\/\/www.sidwaya.info\/blog\/2022\/04\/06\/comoe-une-pluie-cause-des-degats-a-fabedougou\/\">COMOE: Une pluie cause des d\u00e9g\u00e2ts \u00a0\u00e0 Fab\u00e9dougou<\/a> est apparu en premier sur <a rel=\"nofollow\" href=\"https:\/\/www.sidwaya.info\/\">Quotidien Sidwaya<\/a>.<\/p>\n<\/div>\n<p>Auteur: BS. Sidwaya<br \/>\n<a href=\"https:\/\/www.sidwaya.info\/blog\/2022\/04\/06\/comoe-une-pluie-cause-des-degats-a-fabedougou\/?utm_source=rss&#038;utm_medium=rss&#038;utm_campaign=comoe-une-pluie-cause-des-degats-a-fabedougou\">Cliquez ici pour lire l&rsquo;article depuis sa source.<\/a><\/p>\n","protected":false},"excerpt":{"rendered":"<p>Une violente pluie a caus\u00e9 des d\u00e9g\u00e2ts mat\u00e9riels et \u00e9cologiques dans le village de Fab\u00e9dougou, c\u00e9l\u00e8bre \u00a0pour ses d\u00f4mes. Plusieurs arbres et maisons ont \u00e9t\u00e9 impact\u00e9s. Une forte pluie tomb\u00e9e, accompagn\u00e9e de vent violent le mardi 5 avril 2022 aux environs de 18 heures \u00e0 Fab\u00e9dougou, a caus\u00e9 un d\u00e9sastre. A en croire une victime [&hellip;]<\/p>\n","protected":false},"author":1816,"featured_media":0,"comment_status":"closed","ping_status":"closed","sticky":false,"template":"","format":"standard","meta":{"fifu_image_url":"","fifu_image_alt":"","footnotes":""},"categories":[73,81],"tags":[],"class_list":["post-144895","post","type-post","status-publish","format-standard","hentry","category-actualite","category-burkina-faso"],"_links":{"self":[{"href":"https:\/\/linitiative.ca\/International\/wp-json\/wp\/v2\/posts\/144895","targetHints":{"allow":["GET"]}}],"collection":[{"href":"https:\/\/linitiative.ca\/International\/wp-json\/wp\/v2\/posts"}],"about":[{"href":"https:\/\/linitiative.ca\/International\/wp-json\/wp\/v2\/types\/post"}],"author":[{"embeddable":true,"href":"https:\/\/linitiative.ca\/International\/wp-json\/wp\/v2\/users\/1816"}],"replies":[{"embeddable":true,"href":"https:\/\/linitiative.ca\/International\/wp-json\/wp\/v2\/comments?post=144895"}],"version-history":[{"count":0,"href":"https:\/\/linitiative.ca\/International\/wp-json\/wp\/v2\/posts\/144895\/revisions"}],"wp:attachment":[{"href":"https:\/\/linitiative.ca\/International\/wp-json\/wp\/v2\/media?parent=144895"}],"wp:term":[{"taxonomy":"category","embeddable":true,"href":"https:\/\/linitiative.ca\/International\/wp-json\/wp\/v2\/categories?post=144895"},{"taxonomy":"post_tag","embeddable":true,"href":"https:\/\/linitiative.ca\/International\/wp-json\/wp\/v2\/tags?post=144895"}],"curies":[{"name":"wp","href":"https:\/\/api.w.org\/{rel}","templated":true}]}}