{"id":144900,"date":"2022-04-06T13:18:04","date_gmt":"2022-04-06T17:18:04","guid":{"rendered":"https:\/\/linitiative.ca\/International\/urgences-climatiques-la-cedeao-pour-des-actions-fortes\/"},"modified":"2022-04-06T13:18:04","modified_gmt":"2022-04-06T17:18:04","slug":"urgences-climatiques-la-cedeao-pour-des-actions-fortes","status":"publish","type":"post","link":"https:\/\/linitiative.ca\/International\/urgences-climatiques-la-cedeao-pour-des-actions-fortes\/","title":{"rendered":"Urgences climatiques : la C\u00e9d\u00e9ao pour des \u00ab actions fortes \u00bb"},"content":{"rendered":"<div>\n<p><img decoding=\"async\" width=\"2560\" height=\"1231\" src=\"https:\/\/linitiative.ca\/International\/wp-content\/uploads\/sites\/23\/2022\/04\/16492654841125.jpg\" class=\"attachment-post-thumbnail size-post-thumbnail wp-post-image\" alt=\"\" loading=\"lazy\"><\/p>\n<p>Pour le Commissaire au d\u00e9partement Politique, Paix et S\u00e9curit\u00e9 de la C\u00e9d\u00e9ao, le g\u00e9n\u00e9ral Francis B\u00e9hanzin, l&rsquo;heure est venue de poser des actes concrets face aux effets d\u00e9vastateurs du changement climatique.Aller au-del\u00e0 des engagements et agir. C&rsquo;est en somme ce que r\u00e9clame la Communaut\u00e9 \u00e9conomique des \u00c9tats de l&rsquo;Afrique de l&rsquo;Ouest (C\u00e9d\u00e9ao) pour combattre les cons\u00e9quences d\u00e9sastreuses du changement climatique sur les populations et leur environnement.<\/p>\n<p>\u00ab Au regard des objectifs de la pr\u00e9sente conf\u00e9rence, je souhaite la prise de d\u00e9cisions qui rassurent. Au demeurant, il est grand temps de passer aux actions fortes et \u00e0 la synergie de toute la communaut\u00e9 internationale pour lutter ensemble contre le changement climatique, l&rsquo;extension du terrorisme et l&rsquo;ins\u00e9curit\u00e9 sous toutes ses formes\u00a0\u00bb, a d\u00e9clar\u00e9 le g\u00e9n\u00e9ral B\u00e9hanzin.<\/p>\n<p>Il s&rsquo;exprimait ce mercredi \u00e0 Dakar \u00e0 l&rsquo;ouverture de la Conf\u00e9rence r\u00e9gionale sur les changements climatiques, la paix et la s\u00e9curit\u00e9 en Afrique de l&rsquo;Ouest et le Sahel (6 et 7 avril). Ces trois secteurs constituent, selon le Commissaire de la C\u00e9d\u00e9ao, \u00ab le point n\u00e9vralgique des souffrances de nos populations qui, comme une fatalit\u00e9, les vivent dans une totale d\u00e9sesp\u00e9rance \u00bb.<\/p>\n<p>Malgr\u00e9 la r\u00e9silience dont font montre les habitants de la r\u00e9gion, \u00ab ces ph\u00e9nom\u00e8nes, du reste difficilement solubles, entra\u00eenent des cons\u00e9quences d\u00e9sastreuses sur la productivit\u00e9 et la vie de nos concitoyens \u00bb, a-t-il d\u00e9plor\u00e9.<\/p>\n<p>Partant de constat, le haut grad\u00e9 de la Police b\u00e9ninoise a invit\u00e9 \u00ab les grandes puissances mondiales, productrices des nuisances climatiques [\u2026] \u00e0 mettre la main \u00e0 la poche pour att\u00e9nuer les douleurs des \u00eatres vivants d&rsquo;une part, et d&rsquo;autre part, \u00e9tudier et mettre en \u0153uvre de fa\u00e7on durable toutes les solutions humainement possibles pour redonner \u00e0 la nature ce qui lui a \u00e9t\u00e9 ind\u00fbment arrach\u00e9 \u00bb.<\/p>\n<p>De son c\u00f4t\u00e9, le chef de bureau des Nations Unies pour l&rsquo;Afrique de l&rsquo;Ouest et le Sahel (Unowas, sigle anglais), Mahamat Saleh Annadif, a soulign\u00e9 la n\u00e9cessit\u00e9 d&rsquo;une approche coh\u00e9rente, multidisciplinaire et int\u00e9gr\u00e9e \u00e0 tous les niveaux pour relever le d\u00e9fi croissant de la s\u00e9curit\u00e9 climatique dans la r\u00e9gion.<\/p>\n<p>\u00ab S&rsquo;il est attendu des gouvernements de la r\u00e9gion de montrer la voie, il est tout aussi vrai que nul ne sera de trop dans ce combat pour la s\u00e9curit\u00e9 et le d\u00e9veloppement de nos pays. Nous comptons sur l&rsquo;engagement de tous et sur votre soutien pour transformer ces d\u00e9fis en opportunit\u00e9s \u00bb, a-t-il soutenu.<\/p>\n<p>La Conf\u00e9rence r\u00e9gionale sur les changements climatiques, la paix et la s\u00e9curit\u00e9 en Afrique de l&rsquo;Ouest et le Sahel fait partie des activit\u00e9s qu&rsquo;entreprend l&rsquo;Unowas en coordination avec ses partenaires nationaux, r\u00e9gionaux et internationaux en r\u00e9ponse \u00e0 la demande du Conseil de S\u00e9curit\u00e9 de l&rsquo;Organisation des Nations Unies, formul\u00e9e le 20 janvier 2020.<\/p>\n<p>Celle-ci exhorte \u00e0 \u00ab prendre en consid\u00e9ration les cons\u00e9quences n\u00e9fastes du changement climatique, de la pr\u00e9carit\u00e9 \u00e9nerg\u00e9tique, des changements \u00e9cologiques et des catastrophes naturelles sur la paix et la s\u00e9curit\u00e9 en aidant les gouvernements de la sous-r\u00e9gion et le syst\u00e8me des Nations Unies \u00e0 effectuer des \u00e9valuations des strat\u00e9gies de gestion des risques li\u00e9es \u00e0 ces changements \u00bb.<\/p>\n<p>Cet article <a rel=\"nofollow\" href=\"https:\/\/www.journalducameroun.com\/urgences-climatiques-la-cedeao-pour-des-actions-fortes\/\">Urgences climatiques : la C\u00e9d\u00e9ao pour des \u00ab actions fortes \u00bb<\/a> est apparu en premier sur <a rel=\"nofollow\" href=\"https:\/\/www.journalducameroun.com\/\">Journal du Cameroun<\/a>.<\/p>\n<\/div>\n<p>Auteur: APA News<br \/>\n<a href=\"https:\/\/www.journalducameroun.com\/urgences-climatiques-la-cedeao-pour-des-actions-fortes\/\">Cliquez ici pour lire l&rsquo;article depuis sa source.<\/a><\/p>\n","protected":false},"excerpt":{"rendered":"<p>Pour le Commissaire au d\u00e9partement Politique, Paix et S\u00e9curit\u00e9 de la C\u00e9d\u00e9ao, le g\u00e9n\u00e9ral Francis B\u00e9hanzin, l&rsquo;heure est venue de poser des actes concrets face aux effets d\u00e9vastateurs du changement climatique.Aller au-del\u00e0 des engagements et agir. C&rsquo;est en somme ce que r\u00e9clame la Communaut\u00e9 \u00e9conomique des \u00c9tats de l&rsquo;Afrique de l&rsquo;Ouest (C\u00e9d\u00e9ao) pour combattre les [&hellip;]<\/p>\n","protected":false},"author":1965,"featured_media":0,"comment_status":"closed","ping_status":"closed","sticky":false,"template":"","format":"standard","meta":{"fifu_image_url":"https:\/\/www.journalducameroun.com\/wp-content\/uploads\/2022\/04\/16492654841125.jpg","fifu_image_alt":"Urgences climatiques : la C\u00e9d\u00e9ao pour des \u00ab actions fortes \u00bb","footnotes":""},"categories":[73,82],"tags":[],"class_list":["post-144900","post","type-post","status-publish","format-standard","hentry","category-actualite","category-cameroun"],"_links":{"self":[{"href":"https:\/\/linitiative.ca\/International\/wp-json\/wp\/v2\/posts\/144900","targetHints":{"allow":["GET"]}}],"collection":[{"href":"https:\/\/linitiative.ca\/International\/wp-json\/wp\/v2\/posts"}],"about":[{"href":"https:\/\/linitiative.ca\/International\/wp-json\/wp\/v2\/types\/post"}],"author":[{"embeddable":true,"href":"https:\/\/linitiative.ca\/International\/wp-json\/wp\/v2\/users\/1965"}],"replies":[{"embeddable":true,"href":"https:\/\/linitiative.ca\/International\/wp-json\/wp\/v2\/comments?post=144900"}],"version-history":[{"count":0,"href":"https:\/\/linitiative.ca\/International\/wp-json\/wp\/v2\/posts\/144900\/revisions"}],"wp:attachment":[{"href":"https:\/\/linitiative.ca\/International\/wp-json\/wp\/v2\/media?parent=144900"}],"wp:term":[{"taxonomy":"category","embeddable":true,"href":"https:\/\/linitiative.ca\/International\/wp-json\/wp\/v2\/categories?post=144900"},{"taxonomy":"post_tag","embeddable":true,"href":"https:\/\/linitiative.ca\/International\/wp-json\/wp\/v2\/tags?post=144900"}],"curies":[{"name":"wp","href":"https:\/\/api.w.org\/{rel}","templated":true}]}}