{"id":144902,"date":"2022-04-06T13:18:05","date_gmt":"2022-04-06T17:18:05","guid":{"rendered":"https:\/\/linitiative.ca\/International\/ethiopie-liberation-du-celebre-journaliste-tamirat-negera\/"},"modified":"2022-04-06T13:18:05","modified_gmt":"2022-04-06T17:18:05","slug":"ethiopie-liberation-du-celebre-journaliste-tamirat-negera","status":"publish","type":"post","link":"https:\/\/linitiative.ca\/International\/ethiopie-liberation-du-celebre-journaliste-tamirat-negera\/","title":{"rendered":"Ethiopie : lib\u00e9ration du c\u00e9l\u00e8bre journaliste Tamirat Negera"},"content":{"rendered":"<div>\n<p><img decoding=\"async\" width=\"256\" height=\"197\" src=\"https:\/\/linitiative.ca\/International\/wp-content\/uploads\/sites\/23\/2022\/04\/16492654866942.jpg\" class=\"attachment-post-thumbnail size-post-thumbnail wp-post-image\" alt=\"\" loading=\"lazy\"><\/p>\n<p>Le r\u00e9dacteur en chef de Terara Network (TM) a \u00e9t\u00e9 lib\u00e9r\u00e9 sous caution apr\u00e8s pr\u00e8s de quatre mois de d\u00e9tention.\u00ab C&rsquo;est avec un grand soulagement que nous annon\u00e7ons la lib\u00e9ration de Tamirat Negera aujourd&rsquo;hui apr\u00e8s 118 jours de d\u00e9tention \u00bb, a d\u00e9clar\u00e9 le Terara Network ce mercredi sur son compte Facebook.<\/p>\n<p>La lib\u00e9ration de Negera intervient un jour apr\u00e8s que la Cour supr\u00eame d&rsquo;Oromia a ordonn\u00e9 \u00e0 la police de le lib\u00e9rer moyennant une caution de 50.000 birrs.<\/p>\n<p>Cofondateur du site en ligne Terara Network, Negera a \u00e9t\u00e9 arr\u00eat\u00e9 le 10 d\u00e9cembre 2021 au poste de police de Daleti, mais il n&rsquo;a pas \u00e9t\u00e9 inculp\u00e9. Il est le troisi\u00e8me journaliste \u00e0 \u00eatre lib\u00e9r\u00e9 sous caution depuis le d\u00e9but du mois d&rsquo;avril.<\/p>\n<p>Vendredi dernier, Amir Aman, un journaliste accr\u00e9dit\u00e9 par l&rsquo;Associated Press (AP), a \u00e9t\u00e9 lib\u00e9r\u00e9 ainsi que son cam\u00e9raman Tomas Engeda. Les deux hommes avaient \u00e9t\u00e9 arr\u00eat\u00e9s en novembre dernier alors qu&rsquo;ils faisaient un reportage sur les violences dans la r\u00e9gion d&rsquo;Oromia.<\/p>\n<p>Ils \u00e9taient accus\u00e9s d&rsquo;avoir enfreint l&rsquo;\u00e9tat d&rsquo;urgence et les lois antiterroristes en interviewant des membres d&rsquo;un groupe d&rsquo;insurg\u00e9s, mais ils n&rsquo;ont pas \u00e9t\u00e9 inculp\u00e9s.<\/p>\n<p>Cet article <a rel=\"nofollow\" href=\"https:\/\/www.journalducameroun.com\/ethiopie-liberation-du-celebre-journaliste-tamirat-negera\/\">Ethiopie : lib\u00e9ration du c\u00e9l\u00e8bre journaliste Tamirat Negera<\/a> est apparu en premier sur <a rel=\"nofollow\" href=\"https:\/\/www.journalducameroun.com\/\">Journal du Cameroun<\/a>.<\/p>\n<\/div>\n<p>Auteur: APA News<br \/>\n<a href=\"https:\/\/www.journalducameroun.com\/ethiopie-liberation-du-celebre-journaliste-tamirat-negera\/\">Cliquez ici pour lire l&rsquo;article depuis sa source.<\/a><\/p>\n","protected":false},"excerpt":{"rendered":"<p>Le r\u00e9dacteur en chef de Terara Network (TM) a \u00e9t\u00e9 lib\u00e9r\u00e9 sous caution apr\u00e8s pr\u00e8s de quatre mois de d\u00e9tention.\u00ab C&rsquo;est avec un grand soulagement que nous annon\u00e7ons la lib\u00e9ration de Tamirat Negera aujourd&rsquo;hui apr\u00e8s 118 jours de d\u00e9tention \u00bb, a d\u00e9clar\u00e9 le Terara Network ce mercredi sur son compte Facebook. La lib\u00e9ration de Negera [&hellip;]<\/p>\n","protected":false},"author":1965,"featured_media":0,"comment_status":"closed","ping_status":"closed","sticky":false,"template":"","format":"standard","meta":{"fifu_image_url":"https:\/\/www.journalducameroun.com\/wp-content\/uploads\/2022\/04\/16492654866942.jpg","fifu_image_alt":"Ethiopie : lib\u00e9ration du c\u00e9l\u00e8bre journaliste Tamirat Negera","footnotes":""},"categories":[73,82],"tags":[],"class_list":["post-144902","post","type-post","status-publish","format-standard","hentry","category-actualite","category-cameroun"],"_links":{"self":[{"href":"https:\/\/linitiative.ca\/International\/wp-json\/wp\/v2\/posts\/144902","targetHints":{"allow":["GET"]}}],"collection":[{"href":"https:\/\/linitiative.ca\/International\/wp-json\/wp\/v2\/posts"}],"about":[{"href":"https:\/\/linitiative.ca\/International\/wp-json\/wp\/v2\/types\/post"}],"author":[{"embeddable":true,"href":"https:\/\/linitiative.ca\/International\/wp-json\/wp\/v2\/users\/1965"}],"replies":[{"embeddable":true,"href":"https:\/\/linitiative.ca\/International\/wp-json\/wp\/v2\/comments?post=144902"}],"version-history":[{"count":0,"href":"https:\/\/linitiative.ca\/International\/wp-json\/wp\/v2\/posts\/144902\/revisions"}],"wp:attachment":[{"href":"https:\/\/linitiative.ca\/International\/wp-json\/wp\/v2\/media?parent=144902"}],"wp:term":[{"taxonomy":"category","embeddable":true,"href":"https:\/\/linitiative.ca\/International\/wp-json\/wp\/v2\/categories?post=144902"},{"taxonomy":"post_tag","embeddable":true,"href":"https:\/\/linitiative.ca\/International\/wp-json\/wp\/v2\/tags?post=144902"}],"curies":[{"name":"wp","href":"https:\/\/api.w.org\/{rel}","templated":true}]}}