{"id":144904,"date":"2022-04-06T13:32:32","date_gmt":"2022-04-06T17:32:32","guid":{"rendered":"https:\/\/linitiative.ca\/International\/cameroun-un-ouvrage-en-lhonneur-du-pr-emmanuel-kamdem\/"},"modified":"2022-04-06T13:32:32","modified_gmt":"2022-04-06T17:32:32","slug":"cameroun-un-ouvrage-en-lhonneur-du-pr-emmanuel-kamdem","status":"publish","type":"post","link":"https:\/\/linitiative.ca\/International\/cameroun-un-ouvrage-en-lhonneur-du-pr-emmanuel-kamdem\/","title":{"rendered":"Cameroun : un ouvrage en l\u2019honneur du Pr Emmanuel Kamdem"},"content":{"rendered":"<div>\n<p><img decoding=\"async\" width=\"1024\" height=\"681\" src=\"https:\/\/linitiative.ca\/International\/wp-content\/uploads\/sites\/23\/2022\/04\/IMG-20220406-WA0023.jpg\" class=\"attachment-post-thumbnail size-post-thumbnail wp-post-image\" alt=\"\" loading=\"lazy\" srcset=\"https:\/\/linitiative.ca\/International\/wp-content\/uploads\/sites\/23\/2022\/04\/IMG-20220406-WA0023.jpg 1024w, https:\/\/www.journalducameroun.com\/wp-content\/uploads\/2022\/04\/IMG-20220406-WA0023-300x200.jpg 300w, https:\/\/www.journalducameroun.com\/wp-content\/uploads\/2022\/04\/IMG-20220406-WA0023-768x511.jpg 768w, https:\/\/www.journalducameroun.com\/wp-content\/uploads\/2022\/04\/IMG-20220406-WA0023-662x440.jpg 662w, https:\/\/www.journalducameroun.com\/wp-content\/uploads\/2022\/04\/IMG-20220406-WA0023-600x399.jpg 600w\" sizes=\"auto, (max-width: 1024px) 100vw, 1024px\"><\/p>\n<h2 style=\"text-align: justify;\">Un collectif d&rsquo;enseignants d&rsquo;universit\u00e9 sous la direction d&rsquo;Henri Tedongmo Teko Gabriel Etogo retracent et saluent le combat longtemps men\u00e9 par le professeur dans le cadre du management qui influence les pens\u00e9es et change le monde.<\/h2>\n<p style=\"text-align: justify;\"><em>Le pluralisme manag\u00e9rial en Afrique.<\/em> C&rsquo;est le titre de l&rsquo;ouvrage qui vient de para\u00eetre. R\u00e9dig\u00e9 par un collectif d&rsquo;enseignants d&rsquo;universit\u00e9s, le livre revient sur des exp\u00e9riences manag\u00e9riales en Afrique. L&rsquo;objectif est de mettre en avant le combat que le <strong>Pr Emmanuel Kamdem<\/strong> m\u00e8ne dans le domaine du management.<\/p>\n<p style=\"text-align: justify;\">Pendant de nombreuses ann\u00e9es, le sociologue s\u2019est mis \u00e0 l&rsquo;\u00e9cole de la pens\u00e9e qui veut pousser la r\u00e9flexion autour de la compr\u00e9hension du monde. Et les auteurs du pluralisme manag\u00e9rial en Afrique le rejoignent pour affirmer que les voies de l&rsquo;utilisation des savoirs doivent produire une compr\u00e9hension du monde, laquelle va \u0153uvrer \u00e0 changer l&rsquo;univers.<\/p>\n<figure id=\"attachment_407040\" aria-describedby=\"caption-attachment-407040\" style=\"width: 300px\" class=\"wp-caption alignnone\"><img loading=\"lazy\" decoding=\"async\" class=\"size-medium wp-image-407040\" src=\"https:\/\/linitiative.ca\/International\/wp-content\/uploads\/sites\/23\/2022\/04\/Screenshot_20220406-181820-300x224-1.png\" alt=\"Pr Emmanuel Kamdem\" width=\"300\" height=\"224\"><figcaption id=\"caption-attachment-407040\" class=\"wp-caption-text\">Ouvrage en l&rsquo;honneur du Pr Emmanuel Kamdem<\/figcaption><\/figure>\n<p style=\"text-align: justify;\">Selon le Pr Kamdem, la d\u00e9marche qu&rsquo;il faut solliciter pour mener une telle action passe par un processus de d\u00e9colonisation. Cela implique l&rsquo;appropriation de la recherche en management en Afrique au regard de la notion du pluralisme. Ce que d&rsquo;aucuns peuvent percevoir comme l&rsquo;\u00e9pist\u00e9mologie pragmatiste.<\/p>\n<p style=\"text-align: justify;\">Les sp\u00e9cialistes des questions manag\u00e9riales pr\u00eatent ainsi leur savoir tout au long de l&rsquo;ouvrage pour une analyse des organisations en Afrique. Ils profitent pour valoriser plusieurs projets scientifiques port\u00e9s par le Pr Emmanuel Kamdem et bien d&rsquo;autres sociologues \u00e9voluant dans le champ des sciences de l&rsquo;organisation ou dans les environnements sociaux africains.<\/p>\n<p style=\"text-align: justify;\">Le livre jouit de la contribution de Suzanne Marie Apitsa, Jacob Atangana-Ab\u00e9, Protais Ayama Amang, Jean Biwole Fouda, Genvi\u00e8ve Cause, Jean-Fran\u00e7ois Chanlat, Fran\u00e7oise Chevalier, Annie Cornet, Fatou Diop-Sall, Gabriel Etogo, Jean Pierre Gueye, Ta\u00efeb Hafsi, R\u00e9mi Kouabenan, Rapha\u00ebl Nkakleu, Rom\u00e9o Sa&rsquo;a Ngouana, Tijane Sylla, Henri Tedongmo, Bassirou Tidjani et Alexandre Wong.<\/p>\n<p>Cet article <a rel=\"nofollow\" href=\"https:\/\/www.journalducameroun.com\/cameroun-un-ouvrage-en-lhonneur-du-pr-emmanuel-kamdem\/\">Cameroun : un ouvrage en l\u2019honneur du Pr Emmanuel Kamdem<\/a> est apparu en premier sur <a rel=\"nofollow\" href=\"https:\/\/www.journalducameroun.com\/\">Journal du Cameroun<\/a>.<\/p>\n<\/div>\n<p>Auteur: Paul Wandji<br \/>\n<a href=\"https:\/\/www.journalducameroun.com\/cameroun-un-ouvrage-en-lhonneur-du-pr-emmanuel-kamdem\/\">Cliquez ici pour lire l&rsquo;article depuis sa source.<\/a><\/p>\n","protected":false},"excerpt":{"rendered":"<p>Un collectif d&rsquo;enseignants d&rsquo;universit\u00e9 sous la direction d&rsquo;Henri Tedongmo Teko Gabriel Etogo retracent et saluent le combat longtemps men\u00e9 par le professeur dans le cadre du management qui influence les pens\u00e9es et change le monde. Le pluralisme manag\u00e9rial en Afrique. C&rsquo;est le titre de l&rsquo;ouvrage qui vient de para\u00eetre. R\u00e9dig\u00e9 par un collectif d&rsquo;enseignants d&rsquo;universit\u00e9s, [&hellip;]<\/p>\n","protected":false},"author":1965,"featured_media":0,"comment_status":"closed","ping_status":"closed","sticky":false,"template":"","format":"standard","meta":{"fifu_image_url":"https:\/\/www.journalducameroun.com\/wp-content\/uploads\/2022\/04\/IMG-20220406-WA0023.jpg","fifu_image_alt":"Cameroun : un ouvrage en l\u2019honneur du Pr Emmanuel Kamdem","footnotes":""},"categories":[73,82],"tags":[],"class_list":["post-144904","post","type-post","status-publish","format-standard","hentry","category-actualite","category-cameroun"],"_links":{"self":[{"href":"https:\/\/linitiative.ca\/International\/wp-json\/wp\/v2\/posts\/144904","targetHints":{"allow":["GET"]}}],"collection":[{"href":"https:\/\/linitiative.ca\/International\/wp-json\/wp\/v2\/posts"}],"about":[{"href":"https:\/\/linitiative.ca\/International\/wp-json\/wp\/v2\/types\/post"}],"author":[{"embeddable":true,"href":"https:\/\/linitiative.ca\/International\/wp-json\/wp\/v2\/users\/1965"}],"replies":[{"embeddable":true,"href":"https:\/\/linitiative.ca\/International\/wp-json\/wp\/v2\/comments?post=144904"}],"version-history":[{"count":0,"href":"https:\/\/linitiative.ca\/International\/wp-json\/wp\/v2\/posts\/144904\/revisions"}],"wp:attachment":[{"href":"https:\/\/linitiative.ca\/International\/wp-json\/wp\/v2\/media?parent=144904"}],"wp:term":[{"taxonomy":"category","embeddable":true,"href":"https:\/\/linitiative.ca\/International\/wp-json\/wp\/v2\/categories?post=144904"},{"taxonomy":"post_tag","embeddable":true,"href":"https:\/\/linitiative.ca\/International\/wp-json\/wp\/v2\/tags?post=144904"}],"curies":[{"name":"wp","href":"https:\/\/api.w.org\/{rel}","templated":true}]}}