{"id":144909,"date":"2022-04-06T17:18:03","date_gmt":"2022-04-06T21:18:03","guid":{"rendered":"https:\/\/linitiative.ca\/International\/burkina-faso-la-junte-autorise-kabore-a-rejoindre-son-domicile\/"},"modified":"2022-04-06T17:18:03","modified_gmt":"2022-04-06T21:18:03","slug":"burkina-faso-la-junte-autorise-kabore-a-rejoindre-son-domicile","status":"publish","type":"post","link":"https:\/\/linitiative.ca\/International\/burkina-faso-la-junte-autorise-kabore-a-rejoindre-son-domicile\/","title":{"rendered":"Burkina Faso : la junte autorise Kabor\u00e9 \u00e0 rejoindre son domicile"},"content":{"rendered":"<div>\n<p><img decoding=\"async\" width=\"750\" height=\"494\" src=\"https:\/\/linitiative.ca\/International\/wp-content\/uploads\/sites\/23\/2022\/04\/16492798838192.jpg\" class=\"attachment-post-thumbnail size-post-thumbnail wp-post-image\" alt=\"\" loading=\"lazy\" srcset=\"https:\/\/linitiative.ca\/International\/wp-content\/uploads\/sites\/23\/2022\/04\/16492798838192.jpg 750w, https:\/\/www.journalducameroun.com\/wp-content\/uploads\/2022\/04\/16492798838192-300x198.jpg 300w, https:\/\/www.journalducameroun.com\/wp-content\/uploads\/2022\/04\/16492798838192-668x440.jpg 668w, https:\/\/www.journalducameroun.com\/wp-content\/uploads\/2022\/04\/16492798838192-600x395.jpg 600w\" sizes=\"auto, (max-width: 750px) 100vw, 750px\"><\/p>\n<p>L&rsquo;ex-pr\u00e9sident burkinab\u00e8 \u00e9tait en r\u00e9sidence surveill\u00e9e depuis son renversement, il y a plus de deux mois, par les militaires actuellement au pouvoir.Roch Marc Christian Kabor\u00e9 retrouve enfin les siens. Ce mercredi 6 avril, le gouvernement de transition a annonc\u00e9 dans un communiqu\u00e9 que l&rsquo;ancien pr\u00e9sident du Faso va rejoindre le m\u00eame jour \u00ab\u00a0son domicile \u00e0 Ouagadougou\u00a0\u00bb, la capitale du pays.\u00a0<\/p>\n<p>\u00ab\u00a0Toutefois le gouvernement rassure que des mesures sont prises pour garantir sa s\u00e9curit\u00e9\u00a0\u00bb, ajoute le communiqu\u00e9 sign\u00e9 par le porte-parole Lionel Bilgo.\u00a0<\/p>\n<p>Le 31 mars dernier, le gouvernement de transition avait donn\u00e9 des gages pour la lib\u00e9ration de l&rsquo;ex-pr\u00e9sident apr\u00e8s que la Communaut\u00e9 \u00e9conomique des \u00c9tats de l&rsquo;Afrique de l&rsquo;ouest (Cedeao) a exprim\u00e9 ses pr\u00e9occupations lors de la derni\u00e8re r\u00e9union des chefs d&rsquo;Etat de la r\u00e9gion tenue \u00e0 Accra, capitale du Ghana.<\/p>\n<p>\u00ab\u00a0Sur la pr\u00e9occupation li\u00e9e \u00e0 l&rsquo;ancien Pr\u00e9sident du Faso, le Gouvernement du Burkina Faso tient \u00e0 rassurer la Commission de la Cedeao, ainsi que toute la Communaut\u00e9 internationale, que depuis un peu plus de trois semaines, des concertations ont \u00e9t\u00e9 initi\u00e9es au niveau national et se poursuivent dans l&rsquo;optique d&rsquo;aboutir au retour de l&rsquo;ancien Pr\u00e9sident dans une r\u00e9sidence familiale de son choix tout en garantissant sa s\u00e9curit\u00e9\u00a0\u00bb, avait admis le gouvernement burkinab\u00e8.\u00a0<\/p>\n<p>Roch Marc Christian Kabor\u00e9, 67 ans, a \u00e9t\u00e9 arr\u00eat\u00e9 le 24 janvier dernier par une garnison de militaires dirig\u00e9s par le lieutenant-colonel Paul-Henri Damiba, reconnu depuis lors chef de l&rsquo;\u00c9tat par les instances juridiques nationales.\u00a0<\/p>\n<p>Quelques semaines apr\u00e8s son investiture, une \u00ab\u00a0charte constitutionnelle de la transition\u00a0\u00bb, sign\u00e9e par le nouveau chef de la junte, fixe \u00e0 trente-six mois la p\u00e9riode de transition avant de nouvelles \u00e9lections pour lesquelles le pr\u00e9sident de la transition ne sera pas \u00e9ligible.<\/p>\n<p>Si la Cedeao a fait savoir son d\u00e9saccord face \u00e0 une telle dur\u00e9e proche d&rsquo;un mandat, la junte au Burkina Faso dit avoir des objectifs plus importants que la tenue d&rsquo;\u00e9lections. Elle estime que \u00ab\u00a0sa plus grande pr\u00e9occupation demeure la s\u00e9curisation du pays, une r\u00e9ponse efficace et urgente \u00e0 la crise humanitaire et aux drames socio\u00e9conomiques et communautaires provoqu\u00e9s par l&rsquo;ins\u00e9curit\u00e9 sans oublier le renforcement de la gouvernance et la lutte contre la corruption\u00a0\u00bb.<\/p>\n<p>Cet article <a rel=\"nofollow\" href=\"https:\/\/www.journalducameroun.com\/burkina-faso-la-junte-autorise-kabore-a-rejoindre-son-domicile\/\">Burkina Faso : la junte autorise Kabor\u00e9 \u00e0 rejoindre son domicile<\/a> est apparu en premier sur <a rel=\"nofollow\" href=\"https:\/\/www.journalducameroun.com\/\">Journal du Cameroun<\/a>.<\/p>\n<\/div>\n<p>Auteur: APA News<br \/>\n<a href=\"https:\/\/www.journalducameroun.com\/burkina-faso-la-junte-autorise-kabore-a-rejoindre-son-domicile\/\">Cliquez ici pour lire l&rsquo;article depuis sa source.<\/a><\/p>\n","protected":false},"excerpt":{"rendered":"<p>L&rsquo;ex-pr\u00e9sident burkinab\u00e8 \u00e9tait en r\u00e9sidence surveill\u00e9e depuis son renversement, il y a plus de deux mois, par les militaires actuellement au pouvoir.Roch Marc Christian Kabor\u00e9 retrouve enfin les siens. Ce mercredi 6 avril, le gouvernement de transition a annonc\u00e9 dans un communiqu\u00e9 que l&rsquo;ancien pr\u00e9sident du Faso va rejoindre le m\u00eame jour \u00ab\u00a0son domicile \u00e0 [&hellip;]<\/p>\n","protected":false},"author":1965,"featured_media":0,"comment_status":"closed","ping_status":"closed","sticky":false,"template":"","format":"standard","meta":{"fifu_image_url":"https:\/\/www.journalducameroun.com\/wp-content\/uploads\/2022\/04\/16492798838192.jpg","fifu_image_alt":"Burkina Faso : la junte autorise Kabor\u00e9 \u00e0 rejoindre son domicile","footnotes":""},"categories":[73,82],"tags":[],"class_list":["post-144909","post","type-post","status-publish","format-standard","hentry","category-actualite","category-cameroun"],"_links":{"self":[{"href":"https:\/\/linitiative.ca\/International\/wp-json\/wp\/v2\/posts\/144909","targetHints":{"allow":["GET"]}}],"collection":[{"href":"https:\/\/linitiative.ca\/International\/wp-json\/wp\/v2\/posts"}],"about":[{"href":"https:\/\/linitiative.ca\/International\/wp-json\/wp\/v2\/types\/post"}],"author":[{"embeddable":true,"href":"https:\/\/linitiative.ca\/International\/wp-json\/wp\/v2\/users\/1965"}],"replies":[{"embeddable":true,"href":"https:\/\/linitiative.ca\/International\/wp-json\/wp\/v2\/comments?post=144909"}],"version-history":[{"count":0,"href":"https:\/\/linitiative.ca\/International\/wp-json\/wp\/v2\/posts\/144909\/revisions"}],"wp:attachment":[{"href":"https:\/\/linitiative.ca\/International\/wp-json\/wp\/v2\/media?parent=144909"}],"wp:term":[{"taxonomy":"category","embeddable":true,"href":"https:\/\/linitiative.ca\/International\/wp-json\/wp\/v2\/categories?post=144909"},{"taxonomy":"post_tag","embeddable":true,"href":"https:\/\/linitiative.ca\/International\/wp-json\/wp\/v2\/tags?post=144909"}],"curies":[{"name":"wp","href":"https:\/\/api.w.org\/{rel}","templated":true}]}}