{"id":144911,"date":"2022-04-06T13:01:37","date_gmt":"2022-04-06T17:01:37","guid":{"rendered":"https:\/\/linitiative.ca\/International\/alerte-face-a-la-dangerosite-de-certains-produits-kinder-lanor-ordonne-leur-retrait-du-marche-camerounais\/"},"modified":"2022-04-06T13:01:37","modified_gmt":"2022-04-06T17:01:37","slug":"alerte-face-a-la-dangerosite-de-certains-produits-kinder-lanor-ordonne-leur-retrait-du-marche-camerounais","status":"publish","type":"post","link":"https:\/\/linitiative.ca\/International\/alerte-face-a-la-dangerosite-de-certains-produits-kinder-lanor-ordonne-leur-retrait-du-marche-camerounais\/","title":{"rendered":"Alerte : face \u00e0 la dangerosit\u00e9 de certains produits Kinder, l\u2019Anor ordonne leur retrait du march\u00e9 camerounais"},"content":{"rendered":"<div>\n<p>Des produits Kinder, de l\u2019agroalimentaire italien Ferrero, sont black-list\u00e9s dans plusieurs pays europ\u00e9ens, et ce, depuis ce mercredi 6 avril 2022 au Cameroun. L\u2019Agence des Normes et de la Qualit\u00e9 (Anor) a en effet ordonn\u00e9 ce jour \u00ab\u00a0le retrait desdits produits des surfaces de ventes\u00a0\u00bb, rapporte un communiqu\u00e9 sign\u00e9 de son Directeur g\u00e9n\u00e9ral, Charles Boto \u00e0 Ngon. Ces produits sont en effet soup\u00e7onn\u00e9s de contamination \u00e0 la Salmonelle Typhimurium, une bact\u00e9rie responsable de Toxi-infection,\u00a0\u00a0se traduisant par des troubles gastro-intestinaux accompagn\u00e9s de fi\u00e8vre dans les quarante-huit heures qui suivent la consommation des produits contamin\u00e9s.<\/p>\n<p><strong>Lire aussi : <a href=\"https:\/\/ecomatin.net\/certification-lanor-senrichit-de-22-nouvelles-normes-sur-le-tabacc\/\">Certification : l\u2019Anor s\u2019enrichit de 22 nouvelles normes sur le tabac<\/a><\/strong><\/p>\n<p>Il s\u2019agit d\u2019une gamme importante de produits Kinder, parmi lesquels\u00a0: \u00abKinder Surprise 20g (par un, par trois, par quatre et par six) et 100g avec date de p\u00e9remption comprise entre juin 2022 et fin octobre 2022\u00a0; Kinder Schoko-Bons avec date de p\u00e9remption comprise entre avril 2022 et fin ao\u00fbt 2022 ; Kinder Mini Eggs avec des dates de pr\u00e9emption comprise entre fin avril 2022 et fin ao\u00fbt 2022<\/p>\n<p>Kinder Happy Moments, Kinder Mix : 193g panier 150g, peluche 133g, seau 198g, avec des dates de p\u00e9remption \u00e0 fin ao\u00fbt 2022\u00a0\u00bb, renseigne l\u2019Anor, qui charge par ailleurs ses brigades d\u2019inspection et de contr\u00f4les sur le territoire national de veiller \u00e0 la stricte applicabilit\u00e9 de cette mesure.<\/p>\n<p><strong>Lire aussi : <a href=\"https:\/\/ecomatin.net\/carburant-frelate-lanor-annonce-des-controles-renforces-dans-les-stations-services\/\">Carburant frelat\u00e9 :l\u2019ANOR annonce des contr\u00f4les renforc\u00e9s dans les stations-services<\/a><\/strong><\/p>\n<p>Cette d\u00e9cision de l\u2019Anor fait suite au retrait-rappel des produits Kinder en France, suite \u00e0 une \u00e9pid\u00e9mie de salmonelloses dans plusieurs pays europ\u00e9ens. \u00ab\u00a0Les autorit\u00e9s sanitaires fran\u00e7aises ont ainsi \u00e9t\u00e9 inform\u00e9es par le Centre national de r\u00e9f\u00e9rence des salmonelles de l\u2019Institut Pasteur de la survenue en France de 21 cas de salmonellose r\u00e9partis sur l\u2019ensemble du territoire. Huit d\u2019entre eux ont \u00e9t\u00e9 hospitalis\u00e9s et sont tous rentr\u00e9s \u00e0 domicile. L\u2019\u00e2ge m\u00e9dian des cas est de 4 ans\u00a0\u00bb, renseigne le minist\u00e8re fran\u00e7ais des Solidarit\u00e9s et de la Sant\u00e9, dans un communiqu\u00e9 rendu public mardi.<\/p>\n<p><strong>Lire aussi : <a href=\"https:\/\/ecomatin.net\/assainissement-du-marche-du-textile-bientot-une-equipe-de-lanor-et-du-mincommerce-sur-le-terrain\/\">Assainissement du march\u00e9 du textile: bient\u00f4t une \u00e9quipe de l\u2019Anor et du Mincommerce sur le terrain<\/a><\/strong><\/p>\n<p>Dans la foul\u00e9e, la soci\u00e9t\u00e9 Ferrero a annonc\u00e9 via un communiqu\u00e9 publi\u00e9 sur son site le m\u00eame jour, \u00ab\u00a0le rappel volontaire\u00a0\u00bb de certains de ces produits fabriqu\u00e9s selon elle en Belgique, et a subrepticement reconnu leur toxicit\u00e9 pour la sant\u00e9. \u00ab\u00a0Nous travaillons avec les distributeurs pour nous assurer que les lots concern\u00e9s de ces produits ne sont plus disponibles \u00e0 la vente. Si vous avez l\u2019un de ces produits, nous vous conseillons de ne pas le consommer (\u2026) Nous prenons la s\u00e9curit\u00e9 alimentaire tr\u00e8s au s\u00e9rieux et nous nous excusons sinc\u00e8rement pour ce d\u00e9sagr\u00e9ment\u00a0\u00bb, communique la compagnie italienne.<\/p>\n<p>Au Cameroun, les produits Kinder sont fabriqu\u00e9s et distribu\u00e9s par le fabricant italien Imsofer, filiale du groupe Ferrero International S.A. inaugur\u00e9e en 2005.<\/p>\n<p>L\u2019article <a rel=\"nofollow\" href=\"https:\/\/ecomatin.net\/alerte-face-a-la-dangerosite-de-certains-produits-s-kinder-lanor-ordonne-leur-retrait-du-marche-camerounais\/\">Alerte : face \u00e0 la dangerosit\u00e9 de certains produits Kinder, l\u2019Anor ordonne leur retrait du march\u00e9 camerounais<\/a> est apparu en premier sur <a rel=\"nofollow\" href=\"https:\/\/ecomatin.net\/\">EcoMatin<\/a>.<\/p>\n<\/div>\n<p>Auteur: Yannick KENNE<br \/>\n<a href=\"https:\/\/ecomatin.net\/alerte-face-a-la-dangerosite-de-certains-produits-s-kinder-lanor-ordonne-leur-retrait-du-marche-camerounais\/\">Cliquez ici pour lire l&rsquo;article depuis sa source.<\/a><\/p>\n","protected":false},"excerpt":{"rendered":"<p>Des produits Kinder, de l\u2019agroalimentaire italien Ferrero, sont black-list\u00e9s dans plusieurs pays europ\u00e9ens, et ce, depuis ce mercredi 6 avril 2022 au Cameroun. L\u2019Agence des Normes et de la Qualit\u00e9 (Anor) a en effet ordonn\u00e9 ce jour \u00ab\u00a0le retrait desdits produits des surfaces de ventes\u00a0\u00bb, rapporte un communiqu\u00e9 sign\u00e9 de son Directeur g\u00e9n\u00e9ral, Charles Boto [&hellip;]<\/p>\n","protected":false},"author":1969,"featured_media":0,"comment_status":"closed","ping_status":"closed","sticky":false,"template":"","format":"standard","meta":{"fifu_image_url":"","fifu_image_alt":"","footnotes":""},"categories":[82,78],"tags":[],"class_list":["post-144911","post","type-post","status-publish","format-standard","hentry","category-cameroun","category-economie"],"_links":{"self":[{"href":"https:\/\/linitiative.ca\/International\/wp-json\/wp\/v2\/posts\/144911","targetHints":{"allow":["GET"]}}],"collection":[{"href":"https:\/\/linitiative.ca\/International\/wp-json\/wp\/v2\/posts"}],"about":[{"href":"https:\/\/linitiative.ca\/International\/wp-json\/wp\/v2\/types\/post"}],"author":[{"embeddable":true,"href":"https:\/\/linitiative.ca\/International\/wp-json\/wp\/v2\/users\/1969"}],"replies":[{"embeddable":true,"href":"https:\/\/linitiative.ca\/International\/wp-json\/wp\/v2\/comments?post=144911"}],"version-history":[{"count":0,"href":"https:\/\/linitiative.ca\/International\/wp-json\/wp\/v2\/posts\/144911\/revisions"}],"wp:attachment":[{"href":"https:\/\/linitiative.ca\/International\/wp-json\/wp\/v2\/media?parent=144911"}],"wp:term":[{"taxonomy":"category","embeddable":true,"href":"https:\/\/linitiative.ca\/International\/wp-json\/wp\/v2\/categories?post=144911"},{"taxonomy":"post_tag","embeddable":true,"href":"https:\/\/linitiative.ca\/International\/wp-json\/wp\/v2\/tags?post=144911"}],"curies":[{"name":"wp","href":"https:\/\/api.w.org\/{rel}","templated":true}]}}