{"id":144912,"date":"2022-04-06T14:44:09","date_gmt":"2022-04-06T18:44:09","guid":{"rendered":"https:\/\/linitiative.ca\/International\/cavaye-yeguie-djibril-sinsurge-contre-labsenteisme-repetee-des-deputes-a-lhemicycle\/"},"modified":"2022-04-06T14:44:09","modified_gmt":"2022-04-06T18:44:09","slug":"cavaye-yeguie-djibril-sinsurge-contre-labsenteisme-repetee-des-deputes-a-lhemicycle","status":"publish","type":"post","link":"https:\/\/linitiative.ca\/International\/cavaye-yeguie-djibril-sinsurge-contre-labsenteisme-repetee-des-deputes-a-lhemicycle\/","title":{"rendered":"Cavaye Yegui\u00e9 Djibril s\u2019insurge contre l\u2019absent\u00e9isme r\u00e9p\u00e9t\u00e9e des d\u00e9put\u00e9s \u00e0 l\u2019h\u00e9micycle\u00a0"},"content":{"rendered":"<div>\n<p>Cavaye Y. Djibril: \u00ab\u00a0Qu\u2019allez-vous dire aux populations qui vous ont donn\u00e9 mandat pour les repr\u00e9senter\u00a0?\u00a0\u00bb<\/p>\n<p>L\u2019absent\u00e9isme des d\u00e9put\u00e9s lors des travaux \u00e0 l\u2019Assembl\u00e9e nationale n\u2019est pas un fait nouveau. Il suffit de jeter un coup d\u2019\u0153il panoramique \u00e0 chaque s\u00e9ance pl\u00e9ni\u00e8re pour se rendre compte de ce que des si\u00e8ges sont inoccup\u00e9s. La v\u00e9rification du quorum avant le d\u00e9but des assises est d\u2019ailleurs une approche pr\u00e9vue par le r\u00e8glement int\u00e9rieur de la chambre basse du parlement avant toute d\u00e9lib\u00e9ration. On constate \u00e0 chaque fois une pluie de procurations.<\/p>\n<p><strong>Lire aussi : <a href=\"https:\/\/ecomatin.net\/au-cameroun-les-deputes-veulent-sinvestir-dans-s-la-promotion-et-le-recyclage-des-dechets\/\">Au Cameroun, les d\u00e9put\u00e9s veulent s\u2019investir dans la promotion et le recyclage des d\u00e9chets<\/a><\/strong><\/p>\n<p>Ce ph\u00e9nom\u00e8ne semble avoir pris de l\u2019\u00e9paisseur d\u2019o\u00f9 le \u00ab\u00a0courroux\u00a0\u00bb du ma\u00eetre des c\u00e9ans. Le pr\u00e9sident de l\u2019Assembl\u00e9e nationale, Cavaye Yegui\u00e9 Djibril, s\u2019en est pris vertement aux d\u00e9put\u00e9s qui brillent par leur absence injustifi\u00e9e lors des travaux. \u00c9lus pour servir, certains se consacrent \u00e0 autres choses laissant l\u2019h\u00e9micycle sonner \u00ab\u00a0creux\u00a0\u00bb. \u00ab\u00a0Qu\u2019allez-vous dire aux populations qui vous ont donn\u00e9 mandat pour les repr\u00e9senter\u00a0? Quel compte rendu allez-vous faire\u00a0?\u00a0\u00bb, s\u2019est inqui\u00e9t\u00e9 le PAN lors de la pl\u00e9ni\u00e8re consacr\u00e9e\u00a0\u00a0au d\u00e9bat sur le projet de loi consacr\u00e9 \u00e0 la recherche m\u00e9dicale impliquant la personne humaine au Cameroun.\u00a0\u00a0<\/p>\n<p><strong>Lire aussi : <a href=\"https:\/\/ecomatin.net\/au-mois-de-fevrier-2022-1168-dossiers-s-devacuation-sanitaires-ont-ete-deposes-au-minsante\/\">Au mois de f\u00e9vrier 2022, 1168 dossiers d\u2019\u00e9vacuation sanitaires ont \u00e9t\u00e9 d\u00e9pos\u00e9s au Minsant\u00e9<\/a><\/strong><\/p>\n<p>Des absences qui r\u00e9sonnent mal au sein de l\u2019opinion nationale. Antoine Onana, enseignant dans un \u00e9tablissement de la place, s\u2019inqui\u00e8te quant au compte rendu parlementaire qui sera fait apr\u00e8s la session de mars\u00a0: \u00ab Je me demande ce qu\u2019un d\u00e9put\u00e9 dira aux \u00e9lus apr\u00e8s la session. Les d\u00e9put\u00e9s ont juste 3 mois \u00e0 Yaound\u00e9 par ans mais laisse l\u2019h\u00e9micycle pour leurs affaires\u00a0\u00bb. Brigitte Nlend, banqui\u00e8re ne s\u2019\u00e9meut pas outre mesure\u00a0: \u00ab\u00a0L\u2019Assembl\u00e9e est une chambre d\u2019enregistrement. Certains y vont pour applaudir, quelques-uns travaillent v\u00e9ritablement pour le bien du pays\u00a0; ils sont malheureusement tr\u00e8s peu. D\u2019autres sont m\u00eame pr\u00e9sents mais ne participent pas aux travaux. Je vois parfois certains dormir. C\u2019est vraiment dommage pour nous\u00a0\u00bb, lance-t-elle.<\/p>\n<p><strong>Lire aussi : <a href=\"https:\/\/ecomatin.net\/assemblee-nationale-bapteme-du-feu-pour-lhonorable-muyali-mary-boya2\/\">Assembl\u00e9e nationale : bapt\u00eame du feu pour l\u2019honorable Muyali Mary Boya\u00a0<\/a><\/strong><\/p>\n<p>M\u00eame au sein du parlement, cette question ne passe pas sous silence. L\u2019honorable Joshua Osih, du Social democratic front (Sdf), a soulign\u00e9 la n\u00e9cessit\u00e9 d\u2019assister aux travaux programm\u00e9s au parlement. \u00ab\u00a0Une chose est d\u2019\u00eatre pr\u00e9sent \u00e0 l\u2019h\u00e9micycle du d\u00e9but de la session \u00e0 la fin, une autre \u00e9tant de participer aux travaux\u00a0\u00a0qui s\u2019y d\u00e9roulent\u00a0\u00bb.\u00a0\u00a0<\/p>\n<p><strong>Lire aussi : <a href=\"https:\/\/ecomatin.net\/assemblee-nationale-le-gouvernement-presente-sa-strategie-de-reduction-du-cout-du-bitumage-des-routes\/\">Assembl\u00e9e nationale\u00a0: le gouvernement pr\u00e9sente sa strat\u00e9gie de r\u00e9duction du co\u00fbt du bitumage des routes<\/a><\/strong><\/p>\n<p>Ces absences relev\u00e9es par le Pr\u00e9sident de l\u2019Assembl\u00e9e nationale ne sont pas sans cons\u00e9quence. Selon l\u2019article 100 du r\u00e8glement int\u00e9rieur\u00a0en son alin\u00e9a 1 :\u00a0\u00ab\u00a0Lorsqu\u2019un d\u00e9put\u00e9 est absent \u00e0 trois s\u00e9ances cons\u00e9cutives, sans excuse l\u00e9gitime admise par l\u2019Assembl\u00e9e nationale, il perd le b\u00e9n\u00e9fice\u00a0\u00a0de la moiti\u00e9 de son indemnit\u00e9 l\u00e9gislative pendant la dur\u00e9e\u00a0\u00a0de son absence\u00a0\u00a0et les deux mois qui suivent sa reprise d\u2019activit\u00e9\u00a0\u00bb. Selon certains, il est important de revoir les candidats d\u2019\u00e9ligibilit\u00e9 des d\u00e9put\u00e9s au Cameroun.<\/p>\n<p>L\u2019article <a rel=\"nofollow\" href=\"https:\/\/ecomatin.net\/cavaye-yeguie-djibril-sinsurge-contre-labsenteisme-repetee-des-s-deputes-a-lhemicycle\/\">Cavaye Yegui\u00e9 Djibril s\u2019insurge contre l\u2019absent\u00e9isme r\u00e9p\u00e9t\u00e9e des d\u00e9put\u00e9s \u00e0 l\u2019h\u00e9micycle\u00a0<\/a> est apparu en premier sur <a rel=\"nofollow\" href=\"https:\/\/ecomatin.net\/\">EcoMatin<\/a>.<\/p>\n<\/div>\n<p>Auteur: EcoMatin<br \/>\n<a href=\"https:\/\/ecomatin.net\/cavaye-yeguie-djibril-sinsurge-contre-labsenteisme-repetee-des-s-deputes-a-lhemicycle\/\">Cliquez ici pour lire l&rsquo;article depuis sa source.<\/a><\/p>\n","protected":false},"excerpt":{"rendered":"<p>Cavaye Y. Djibril: \u00ab\u00a0Qu\u2019allez-vous dire aux populations qui vous ont donn\u00e9 mandat pour les repr\u00e9senter\u00a0?\u00a0\u00bb L\u2019absent\u00e9isme des d\u00e9put\u00e9s lors des travaux \u00e0 l\u2019Assembl\u00e9e nationale n\u2019est pas un fait nouveau. Il suffit de jeter un coup d\u2019\u0153il panoramique \u00e0 chaque s\u00e9ance pl\u00e9ni\u00e8re pour se rendre compte de ce que des si\u00e8ges sont inoccup\u00e9s. La v\u00e9rification du [&hellip;]<\/p>\n","protected":false},"author":1969,"featured_media":0,"comment_status":"closed","ping_status":"closed","sticky":false,"template":"","format":"standard","meta":{"fifu_image_url":"","fifu_image_alt":"","footnotes":""},"categories":[82,78],"tags":[],"class_list":["post-144912","post","type-post","status-publish","format-standard","hentry","category-cameroun","category-economie"],"_links":{"self":[{"href":"https:\/\/linitiative.ca\/International\/wp-json\/wp\/v2\/posts\/144912","targetHints":{"allow":["GET"]}}],"collection":[{"href":"https:\/\/linitiative.ca\/International\/wp-json\/wp\/v2\/posts"}],"about":[{"href":"https:\/\/linitiative.ca\/International\/wp-json\/wp\/v2\/types\/post"}],"author":[{"embeddable":true,"href":"https:\/\/linitiative.ca\/International\/wp-json\/wp\/v2\/users\/1969"}],"replies":[{"embeddable":true,"href":"https:\/\/linitiative.ca\/International\/wp-json\/wp\/v2\/comments?post=144912"}],"version-history":[{"count":0,"href":"https:\/\/linitiative.ca\/International\/wp-json\/wp\/v2\/posts\/144912\/revisions"}],"wp:attachment":[{"href":"https:\/\/linitiative.ca\/International\/wp-json\/wp\/v2\/media?parent=144912"}],"wp:term":[{"taxonomy":"category","embeddable":true,"href":"https:\/\/linitiative.ca\/International\/wp-json\/wp\/v2\/categories?post=144912"},{"taxonomy":"post_tag","embeddable":true,"href":"https:\/\/linitiative.ca\/International\/wp-json\/wp\/v2\/tags?post=144912"}],"curies":[{"name":"wp","href":"https:\/\/api.w.org\/{rel}","templated":true}]}}