{"id":144913,"date":"2022-04-06T14:59:12","date_gmt":"2022-04-06T18:59:12","guid":{"rendered":"https:\/\/linitiative.ca\/International\/greve-des-enseignants-la-solution-du-gouvernement-presentee-aux-deputes\/"},"modified":"2022-04-06T14:59:12","modified_gmt":"2022-04-06T18:59:12","slug":"greve-des-enseignants-la-solution-du-gouvernement-presentee-aux-deputes","status":"publish","type":"post","link":"https:\/\/linitiative.ca\/International\/greve-des-enseignants-la-solution-du-gouvernement-presentee-aux-deputes\/","title":{"rendered":"Gr\u00e8ve des enseignants : la solution du gouvernement pr\u00e9sent\u00e9e aux d\u00e9put\u00e9s\u00a0"},"content":{"rendered":"<div>\n<p>Les enseignants du Primaire et du Secondaire scrutent de pr\u00e8s les faits et gestes du gouvernement. Apr\u00e8s plusieurs semaines de \u00ab\u00a0craie morte\u00a0\u00bb, entretenues par le mouvement \u00ab\u00a0OTS\u00a0\u00bb, les choses reviennent progressivement \u00e0 la normale selon le ministre de l\u2019Education de Base, Laurent Serge Etoundi Ngoa.\u00a0\u00a0<\/p>\n<p><strong>Lire aussi : <a href=\"https:\/\/ecomatin.net\/au-cameroun-les-deputes-veulent-sinvestir-dans-s-la-promotion-et-le-recyclage-des-dechets\/\">Au Cameroun, les d\u00e9put\u00e9s veulent s\u2019investir dans la promotion et le recyclage des d\u00e9chets<\/a><\/strong><\/p>\n<p>Le membre du gouvernement \u00e9tait devant la commission de l\u2019\u00e9ducation accompagn\u00e9 de son coll\u00e8gue des enseignements secondaires ce matin pour un \u00e9change d\u2019information au sujet de l\u2019application des mesures prises pour taire la grogne dans le secteur \u00e9ducatif. Les mesures prises par le Pr\u00e9sident de la R\u00e9publique doivent entrer en application d\u00e8s ce mois d\u2019Avril. \u00ab\u00a0Les probl\u00e8mes\u00a0\u00a0de 1\/3 et 2\/3 ne sont pas les probl\u00e8mes du Minedub. Les enseignants sont pay\u00e9s par leur salaire. Pour les avancements, certains ont \u00e9t\u00e9 mis en musique \u00e0 la fin de ce mois d\u00e9j\u00e0. Nous\u00a0\u00a0attendons le reste. La s\u00e9r\u00e9nit\u00e9 r\u00e8gne pour l\u2019instant. Il ne faut pas priver les enfants de leurs cours. Le dialogue que nous entretenons avec les syndicats, nos collaborateurs est satisfaisant\u00a0\u00bb, s\u2019est r\u00e9joui le Minedub.<\/p>\n<p><strong>Lire aussi : <a href=\"https:\/\/ecomatin.net\/au-mois-de-fevrier-2022-1168-dossiers-s-devacuation-sanitaires-ont-ete-deposes-au-minsante\/\">Au mois de f\u00e9vrier 2022, 1168 dossiers d\u2019\u00e9vacuation sanitaires ont \u00e9t\u00e9 d\u00e9pos\u00e9s au Minsant\u00e9<\/a><\/strong><\/p>\n<p>Le ministre des Enseignements secondaires,\u00a0Pauline Nalova Lyonga Egbe,\u00a0est formelle. Pour l\u2019ancien recteur de l\u2019Universit\u00e9 de Bu\u00e9a, il faut all\u00e9ger le processus de paiement des enseignants\u00a0car il est tr\u00e8s lourd. \u00ab\u00a0Les enseignants veulent l\u2019argent. Ils ne qu\u00e9mandent pas\u00a0; c\u2019est pour le travail effectu\u00e9. Quelqu\u2019un doit leur donner leur argent. La proc\u00e9dure prend trop de temps. Il est important d\u2019all\u00e9ger la proc\u00e9dure afin de les payer\u00a0\u00bb. Et de pr\u00e9ciser\u00a0: \u00ab\u00a0Pour le moment, les mesures du Pr\u00e9sident sont en train d\u2019\u00eatre impl\u00e9ment\u00e9es. Nous tenons des r\u00e9unions avec des membres du syndicat. Les paiements se font. Le message est simple\u00a0: il faut payer les enseignants\u00a0\u00bb, a conclu le ministre sous un air d\u2019espoir.<\/p>\n<p>L\u2019article <a rel=\"nofollow\" href=\"https:\/\/ecomatin.net\/greve-des-enseignants-la-solution-du-gouvernement-presentee-aux-deputes\/\">Gr\u00e8ve des enseignants : la solution du gouvernement pr\u00e9sent\u00e9e aux d\u00e9put\u00e9s\u00a0<\/a> est apparu en premier sur <a rel=\"nofollow\" href=\"https:\/\/ecomatin.net\/\">EcoMatin<\/a>.<\/p>\n<\/div>\n<p>Auteur: EcoMatin<br \/>\n<a href=\"https:\/\/ecomatin.net\/greve-des-enseignants-la-solution-du-gouvernement-presentee-aux-deputes\/\">Cliquez ici pour lire l&rsquo;article depuis sa source.<\/a><\/p>\n","protected":false},"excerpt":{"rendered":"<p>Les enseignants du Primaire et du Secondaire scrutent de pr\u00e8s les faits et gestes du gouvernement. Apr\u00e8s plusieurs semaines de \u00ab\u00a0craie morte\u00a0\u00bb, entretenues par le mouvement \u00ab\u00a0OTS\u00a0\u00bb, les choses reviennent progressivement \u00e0 la normale selon le ministre de l\u2019Education de Base, Laurent Serge Etoundi Ngoa.\u00a0\u00a0 Lire aussi : Au Cameroun, les d\u00e9put\u00e9s veulent s\u2019investir dans [&hellip;]<\/p>\n","protected":false},"author":1969,"featured_media":0,"comment_status":"closed","ping_status":"closed","sticky":false,"template":"","format":"standard","meta":{"fifu_image_url":"","fifu_image_alt":"","footnotes":""},"categories":[82,78],"tags":[],"class_list":["post-144913","post","type-post","status-publish","format-standard","hentry","category-cameroun","category-economie"],"_links":{"self":[{"href":"https:\/\/linitiative.ca\/International\/wp-json\/wp\/v2\/posts\/144913","targetHints":{"allow":["GET"]}}],"collection":[{"href":"https:\/\/linitiative.ca\/International\/wp-json\/wp\/v2\/posts"}],"about":[{"href":"https:\/\/linitiative.ca\/International\/wp-json\/wp\/v2\/types\/post"}],"author":[{"embeddable":true,"href":"https:\/\/linitiative.ca\/International\/wp-json\/wp\/v2\/users\/1969"}],"replies":[{"embeddable":true,"href":"https:\/\/linitiative.ca\/International\/wp-json\/wp\/v2\/comments?post=144913"}],"version-history":[{"count":0,"href":"https:\/\/linitiative.ca\/International\/wp-json\/wp\/v2\/posts\/144913\/revisions"}],"wp:attachment":[{"href":"https:\/\/linitiative.ca\/International\/wp-json\/wp\/v2\/media?parent=144913"}],"wp:term":[{"taxonomy":"category","embeddable":true,"href":"https:\/\/linitiative.ca\/International\/wp-json\/wp\/v2\/categories?post=144913"},{"taxonomy":"post_tag","embeddable":true,"href":"https:\/\/linitiative.ca\/International\/wp-json\/wp\/v2\/tags?post=144913"}],"curies":[{"name":"wp","href":"https:\/\/api.w.org\/{rel}","templated":true}]}}