{"id":144915,"date":"2022-04-06T15:23:12","date_gmt":"2022-04-06T19:23:12","guid":{"rendered":"https:\/\/linitiative.ca\/International\/razel-sollicite-lintervention-de-la-presidence-pour-rentrer-en-possession-dune-dette-de-17-milliards-due-par-magil\/"},"modified":"2022-04-06T15:23:12","modified_gmt":"2022-04-06T19:23:12","slug":"razel-sollicite-lintervention-de-la-presidence-pour-rentrer-en-possession-dune-dette-de-17-milliards-due-par-magil","status":"publish","type":"post","link":"https:\/\/linitiative.ca\/International\/razel-sollicite-lintervention-de-la-presidence-pour-rentrer-en-possession-dune-dette-de-17-milliards-due-par-magil\/","title":{"rendered":"Razel sollicite l\u2019intervention de la pr\u00e9sidence pour rentrer en possession d\u2019une dette de 17 milliards due par Magil"},"content":{"rendered":"<div>\n<p>Dans le cadre de l\u2019organisation de la Coupe d\u2019Afrique des nations de football \u00a02021, le constructeur canadien Magil s\u2019est vu attribuer plusieurs march\u00e9s prioritaires en urgence, par le gouvernement Camerounais. Il s\u2019agissait notamment de la r\u00e9habilitation du stade omnisport de B\u00e9panda, des travaux d\u2019am\u00e9nagement de la p\u00e9n\u00e9trante Est de la ville de Douala (qui sont \u00e0 l\u2019arr\u00eat, ndlr), et enfin, les travaux de finition du stade d\u2019Olembe qui a servi de cadre \u00e0 la finale de la comp\u00e9tition \u00e9voqu\u00e9e supra. Pour s\u2019assurer de la livraison de ces chantiers, Magil s\u2019est attach\u00e9 les services de plusieurs prestataires, dont l\u2019entreprise Razel. Sp\u00e9cialis\u00e9e dans les terrassements, le g\u00e9nie civil, les travaux souterrains, les travaux routiers, cette entit\u00e9 fran\u00e7aise a, selon les termes du contrat sign\u00e9 entre les deux parties, particip\u00e9 aux 3 projets sus-\u00e9voqu\u00e9s.<\/p>\n<p>Sauf que, plus d\u2019un mois apr\u00e8s la fin de la Can, Razel attend toujours le paiement des prestations qu\u2019elle a r\u00e9alis\u00e9es pour le compte de Magil. C\u2019est du moins ce qui est contenu dans une correspondance qu\u2019a adress\u00e9e Frank Casteleyn, directeur Afrique centrale de Razel \u00e0 Ferdinand Ngoh Ngoh, le secr\u00e9taire g\u00e9n\u00e9ral de la Pr\u00e9sidence de la R\u00e9publique. Dans ce manifeste, il est pr\u00e9cis\u00e9 que l\u2019entreprise fran\u00e7aise r\u00e9clame \u00e0 Magil, 4,7 milliards de F CFA pour des travaux de r\u00e9habilitation du stade omnisport de Bepanda, 1,9 milliard de F CFA sur le projet de la p\u00e9n\u00e9trante Est de la capitale \u00e9conomique du Cameroun, et 10,3 milliards de F CFA pour des travaux d\u2019ach\u00e8vement du complexe sportif d\u2019Olembe. Des r\u00e9clamations que conteste l\u2019entreprise canadienne. \u00abSur le chantier de la p\u00e9n\u00e9trante Est, il n\u2019existe pas de factures approuv\u00e9es par le minist\u00e8re des Travaux publics (ma\u00eetre d\u2019ouvrage sur le projet) qui font l\u2019objet d\u2019une r\u00e9clamation\u00bb, affirme-t-elle. Concernant l\u2019ordonnance de saisie conservatoire des cr\u00e9ances dues par Magil aupr\u00e8s de plusieurs banques locales et du minist\u00e8re des Finances, prononc\u00e9e le 27 janvier 2022, prononc\u00e9e par le Tribunal de premi\u00e8re instance de Douala-Bonanjo, l\u2019entreprise de Btp assure qu\u2019il n\u2019en est rien. \u00ab \u00c0 ce jour, il n\u2019existe plus aucun compte bancaire d\u00e9tenu par Magil au Cameroun qui ferait l\u2019objet d\u2019une quelconque saisie\u00bb, a-t-elle confi\u00e9 \u00e0 nos conf\u00e8res d\u2019Africa Business+.<\/p>\n<p>\u00a0Toutefois, en dehors de Razel, Magil a \u00e9galement maille \u00e0 partir avec d\u2019autres sous-traitants engag\u00e9s dans le cadre des travaux de finition du stade d\u2019Olembe, avant la Can. Pour cette probl\u00e9matique\u00a0sp\u00e9cifique, elle\u00a0rejette la faute sur le minist\u00e8re des Sports et de l\u2019Education Physique. \u00ab Il n\u2019existe aucune somme \u2018due par Magil\u2019. Les sous-traitants du Minsep ont effectu\u00e9 des travaux dont l\u2019approbation et le paiement ont \u00e9t\u00e9 r\u00e9clam\u00e9s au Minsep [minist\u00e8re des Sports, ndlr]. \u00c0 ce jour, le Minsep retarde et reporte depuis des mois, sans aucune justification, l\u2019approbation des d\u00e9comptes qui contiennent les factures des sous-traitants, bloquant de ce fait tout paiement \u00bb.<\/p>\n<p>L\u2019article <a rel=\"nofollow\" href=\"https:\/\/ecomatin.net\/razel-sollicite-lintervention-n-de-la-presidence-pour-rentrer-en-possession-dune-dette-de-17-milliards-due-par-magil\/\">Razel sollicite l\u2019intervention de la pr\u00e9sidence pour rentrer en possession d\u2019une dette de 17 milliards due par Magil<\/a> est apparu en premier sur <a rel=\"nofollow\" href=\"https:\/\/ecomatin.net\/\">EcoMatin<\/a>.<\/p>\n<\/div>\n<p>Auteur: Paul Tjeg<br \/>\n<a href=\"https:\/\/ecomatin.net\/razel-sollicite-lintervention-n-de-la-presidence-pour-rentrer-en-possession-dune-dette-de-17-milliards-due-par-magil\/\">Cliquez ici pour lire l&rsquo;article depuis sa source.<\/a><\/p>\n","protected":false},"excerpt":{"rendered":"<p>Dans le cadre de l\u2019organisation de la Coupe d\u2019Afrique des nations de football \u00a02021, le constructeur canadien Magil s\u2019est vu attribuer plusieurs march\u00e9s prioritaires en urgence, par le gouvernement Camerounais. Il s\u2019agissait notamment de la r\u00e9habilitation du stade omnisport de B\u00e9panda, des travaux d\u2019am\u00e9nagement de la p\u00e9n\u00e9trante Est de la ville de Douala (qui sont [&hellip;]<\/p>\n","protected":false},"author":1969,"featured_media":0,"comment_status":"closed","ping_status":"closed","sticky":false,"template":"","format":"standard","meta":{"fifu_image_url":"","fifu_image_alt":"","footnotes":""},"categories":[82,78],"tags":[],"class_list":["post-144915","post","type-post","status-publish","format-standard","hentry","category-cameroun","category-economie"],"_links":{"self":[{"href":"https:\/\/linitiative.ca\/International\/wp-json\/wp\/v2\/posts\/144915","targetHints":{"allow":["GET"]}}],"collection":[{"href":"https:\/\/linitiative.ca\/International\/wp-json\/wp\/v2\/posts"}],"about":[{"href":"https:\/\/linitiative.ca\/International\/wp-json\/wp\/v2\/types\/post"}],"author":[{"embeddable":true,"href":"https:\/\/linitiative.ca\/International\/wp-json\/wp\/v2\/users\/1969"}],"replies":[{"embeddable":true,"href":"https:\/\/linitiative.ca\/International\/wp-json\/wp\/v2\/comments?post=144915"}],"version-history":[{"count":0,"href":"https:\/\/linitiative.ca\/International\/wp-json\/wp\/v2\/posts\/144915\/revisions"}],"wp:attachment":[{"href":"https:\/\/linitiative.ca\/International\/wp-json\/wp\/v2\/media?parent=144915"}],"wp:term":[{"taxonomy":"category","embeddable":true,"href":"https:\/\/linitiative.ca\/International\/wp-json\/wp\/v2\/categories?post=144915"},{"taxonomy":"post_tag","embeddable":true,"href":"https:\/\/linitiative.ca\/International\/wp-json\/wp\/v2\/tags?post=144915"}],"curies":[{"name":"wp","href":"https:\/\/api.w.org\/{rel}","templated":true}]}}