{"id":144916,"date":"2022-04-07T07:19:55","date_gmt":"2022-04-07T11:19:55","guid":{"rendered":"https:\/\/linitiative.ca\/International\/adm-demarre-les-travaux-jeudi-soir\/"},"modified":"2022-04-07T07:19:55","modified_gmt":"2022-04-07T11:19:55","slug":"adm-demarre-les-travaux-jeudi-soir","status":"publish","type":"post","link":"https:\/\/linitiative.ca\/International\/adm-demarre-les-travaux-jeudi-soir\/","title":{"rendered":"ADM d\u00e9marre les travaux jeudi soir"},"content":{"rendered":"<div>\n<p><img loading=\"lazy\" decoding=\"async\" width=\"300\" height=\"153\" src=\"https:\/\/linitiative.ca\/International\/wp-content\/uploads\/sites\/23\/2022\/04\/ADM-demarre-les-travaux-jeudi-soir-300x153-1.png\" class=\"attachment-medium size-medium wp-post-image\" alt=\"\" srcset=\"https:\/\/linitiative.ca\/International\/wp-content\/uploads\/sites\/23\/2022\/04\/ADM-demarre-les-travaux-jeudi-soir-300x153-1.png 300w, https:\/\/aujourdhui.ma\/wp-content\/uploads\/2022\/04\/ADM-demarre-les-travaux-jeudi-soir-274x140.png 274w, https:\/\/aujourdhui.ma\/wp-content\/uploads\/2022\/04\/ADM-demarre-les-travaux-jeudi-soir.png 746w, https:\/\/aujourdhui.ma\/wp-content\/uploads\/2022\/04\/ADM-demarre-les-travaux-jeudi-soir-165x84.png 165w, https:\/\/aujourdhui.ma\/wp-content\/uploads\/2022\/04\/ADM-demarre-les-travaux-jeudi-soir-702x358.png 702w\" sizes=\"auto, (max-width: 300px) 100vw, 300px\"><\/p>\n<p><span style=\"color: #800000;\"><strong>D\u00e9pose d\u2019une passerelle pi\u00e9tons au point kilom\u00e9trique PK 3 au niveau de l\u2019autoroute Casablanca-Berrechid<\/strong><\/span><span id=\"more-404589\"><\/span><\/p>\n<p>La circulation sera suspendue provisoirement entre l\u2019\u00e9changeur de la ville verte et l\u2019\u00e9changeur de Bouskoura. L\u2019annonce est faite par la Soci\u00e9t\u00e9 nationale des autoroutes du Maroc (ADM) qui proc\u00e9dera dans la nuit du jeudi 07 avril au d\u00e9marrage des travaux de d\u00e9pose d\u2019une passerelle pi\u00e9tons sur l\u2019axe Casablanca-Berrechid. \u00abDans le cadre des travaux d\u2019\u00e9largissement \u00e0 2\u00d73 voies de l\u2019autoroute Casablanca-Berrechid, ADM informe les usagers de l\u2019autoroute Casablanca\u2013Berrechid que pour les besoins de la mise \u00e0 niveau de la passerelle pi\u00e9tons, au niveau du point kilom\u00e9trique PK3 (entre l\u2019\u00e9changeur de la ville verte et l\u2019\u00e9changeur de Bouskoura), les travaux de d\u00e9pose auront lieu de la nuit du jeudi 07\/04\/2022 \u00e0 21h00 jusqu\u2019au vendredi 08\/04\/2022 \u00e0 6h00\u00bb, rel\u00e8ve-t-on d\u2019un communiqu\u00e9 d\u2019ADM.<\/p>\n<p>A ce titre, ADM soul\u00e8ve que des itin\u00e9raires alternatifs sont d\u00e9finis, recommandant aux usagers empruntant l\u2019autoroute en provenance de Berrechid et \u00e0 destination de Casablanca de quitter l\u2019autoroute au niveau de l\u2019\u00e9changeur de Bouskoura et d\u2019emprunter la Route Provinciale 3013 et 3011 \u00e0 destination de Casablanca, pour rejoindre ensuite l\u2019autoroute au niveau de l\u2019\u00e9changeur de la ville verte. ADM recommande aussi aux usagers en provenance de Casablanca et \u00e0 destination de Berrechid de quitter l\u2019autoroute via l\u2019\u00e9changeur de la ville verte, et d\u2019emprunter la Route Provinciale 3011 et 3013 pour rejoindre \u00e0 nouveau l\u2019autoroute au niveau de l\u2019\u00e9changeur de Bouskoura.<\/p>\n<p>La Soci\u00e9t\u00e9 proc\u00e9dera ainsi \u00e0 l\u2019installation des dispositifs de signalisation provisoire aux endroits appropri\u00e9s pour faciliter la circulation, s\u2019excusant \u00e0 cet effet de la g\u00eane occasionn\u00e9e par ces travaux visant \u00e0 renforcer davantage la s\u00e9curit\u00e9 autorouti\u00e8re. Par ailleurs, pour plus d\u2019informations ADM invite ses usagers \u00e0 contacter le centre d\u2019appels au n\u00b05050, consulter l\u2019appli ADM Trafic pour s\u2019enqu\u00e9rir de l\u2019\u00e9tat du trafic en instantan\u00e9 et \u00e0 visiter les liens suivants\u00a0: www.adm.co.ma\u00a0; www.admtrafic.ma\u00a0; www.jawaz.ma\u00a0; https\u00a0:\/\/bit.ly\/2WOpP9N\u00a0; https\u00a0:\/\/bit.ly\/3fDfQfU.<\/p>\n<\/div>\n<p>Auteur: ALM<br \/>\n<a href=\"https:\/\/aujourdhui.ma\/economie\/adm-demarre-les-travaux-jeudi-soir\">Cliquez ici pour lire l&rsquo;article depuis sa source.<\/a><\/p>\n","protected":false},"excerpt":{"rendered":"<p>D\u00e9pose d\u2019une passerelle pi\u00e9tons au point kilom\u00e9trique PK 3 au niveau de l\u2019autoroute Casablanca-Berrechid La circulation sera suspendue provisoirement entre l\u2019\u00e9changeur de la ville verte et l\u2019\u00e9changeur de Bouskoura. L\u2019annonce est faite par la Soci\u00e9t\u00e9 nationale des autoroutes du Maroc (ADM) qui proc\u00e9dera dans la nuit du jeudi 07 avril au d\u00e9marrage des travaux de [&hellip;]<\/p>\n","protected":false},"author":1759,"featured_media":0,"comment_status":"closed","ping_status":"closed","sticky":false,"template":"","format":"standard","meta":{"fifu_image_url":"https:\/\/aujourdhui.ma\/wp-content\/uploads\/2022\/04\/ADM-demarre-les-travaux-jeudi-soir-300x153.png","fifu_image_alt":"ADM d\u00e9marre les travaux jeudi soir","footnotes":""},"categories":[73,54],"tags":[],"class_list":["post-144916","post","type-post","status-publish","format-standard","hentry","category-actualite","category-maroc"],"_links":{"self":[{"href":"https:\/\/linitiative.ca\/International\/wp-json\/wp\/v2\/posts\/144916","targetHints":{"allow":["GET"]}}],"collection":[{"href":"https:\/\/linitiative.ca\/International\/wp-json\/wp\/v2\/posts"}],"about":[{"href":"https:\/\/linitiative.ca\/International\/wp-json\/wp\/v2\/types\/post"}],"author":[{"embeddable":true,"href":"https:\/\/linitiative.ca\/International\/wp-json\/wp\/v2\/users\/1759"}],"replies":[{"embeddable":true,"href":"https:\/\/linitiative.ca\/International\/wp-json\/wp\/v2\/comments?post=144916"}],"version-history":[{"count":0,"href":"https:\/\/linitiative.ca\/International\/wp-json\/wp\/v2\/posts\/144916\/revisions"}],"wp:attachment":[{"href":"https:\/\/linitiative.ca\/International\/wp-json\/wp\/v2\/media?parent=144916"}],"wp:term":[{"taxonomy":"category","embeddable":true,"href":"https:\/\/linitiative.ca\/International\/wp-json\/wp\/v2\/categories?post=144916"},{"taxonomy":"post_tag","embeddable":true,"href":"https:\/\/linitiative.ca\/International\/wp-json\/wp\/v2\/tags?post=144916"}],"curies":[{"name":"wp","href":"https:\/\/api.w.org\/{rel}","templated":true}]}}