{"id":144921,"date":"2022-04-07T10:00:41","date_gmt":"2022-04-07T14:00:41","guid":{"rendered":"https:\/\/linitiative.ca\/International\/omar-kadaoui-le-maroc-est-le-premier-partenaire-commercial-du-portugal-au-maghreb\/"},"modified":"2022-04-07T10:00:41","modified_gmt":"2022-04-07T14:00:41","slug":"omar-kadaoui-le-maroc-est-le-premier-partenaire-commercial-du-portugal-au-maghreb","status":"publish","type":"post","link":"https:\/\/linitiative.ca\/International\/omar-kadaoui-le-maroc-est-le-premier-partenaire-commercial-du-portugal-au-maghreb\/","title":{"rendered":"Omar Kadaoui: \u00abLe Maroc est le premier partenaire  commercial du Portugal au Maghreb\u00bb"},"content":{"rendered":"<div>\n<p><img loading=\"lazy\" decoding=\"async\" width=\"300\" height=\"153\" src=\"https:\/\/linitiative.ca\/International\/wp-content\/uploads\/sites\/23\/2022\/04\/Omar-Kadaoui-300x153-1.jpg\" class=\"attachment-medium size-medium wp-post-image\" alt=\"\" srcset=\"https:\/\/linitiative.ca\/International\/wp-content\/uploads\/sites\/23\/2022\/04\/Omar-Kadaoui-300x153-1.jpg 300w, https:\/\/aujourdhui.ma\/wp-content\/uploads\/2022\/04\/Omar-Kadaoui-274x140.jpg 274w, https:\/\/aujourdhui.ma\/wp-content\/uploads\/2022\/04\/Omar-Kadaoui.jpg 746w, https:\/\/aujourdhui.ma\/wp-content\/uploads\/2022\/04\/Omar-Kadaoui-165x84.jpg 165w, https:\/\/aujourdhui.ma\/wp-content\/uploads\/2022\/04\/Omar-Kadaoui-702x358.jpg 702w\" sizes=\"auto, (max-width: 300px) 100vw, 300px\"><\/p>\n<p><span style=\"font-size: 20px; color: #800000;\"><strong>Entretien avec Omar Kadaoui, pr\u00e9sident de la D\u00e9l\u00e9gation r\u00e9gionale de la CCISPM \u00e0 Tanger<\/strong><\/span><span id=\"more-404582\"><\/span><\/p>\n<p><span style=\"color: #ff0000;\">Dans cet entretien, le pr\u00e9sident de la Chambre de commerce, d\u2019industrie et de services du Portugal au Maroc \u00e0 Tanger, donne, \u00e0 l\u2019occasion de l\u2019ouverture officielle de cette repr\u00e9sentation, un aper\u00e7u sur l\u2019investissement portugais au Maroc en g\u00e9n\u00e9ral et \u00e0 Tanger en particulier.<\/span><\/p>\n<p><strong>ALM : Comment expliquez-vous le choix de Tanger pour le lancement de la premi\u00e8re d\u00e9l\u00e9gation r\u00e9gionale de la CCISPM au Maroc?<\/strong><\/p>\n<p><span style=\"color: #ff0000;\"><strong>Omar Kadaoui :<\/strong> <\/span>Le choix de Tanger n\u2019est pas inopin\u00e9, Tanger est devenue au fil des ann\u00e9es un hub pour l\u2019industrie automobile et a\u00e9ronautique avec son terminal sur le port Tanger-Med, sa zone franche logistique, Tanger automotive city et Tanger free zone. Ces quatre zones industrielles ainsi que sa proximit\u00e9 avec l\u2019Europe font de la capitale du Nord une destination qui attire de plus en plus d\u2019investisseurs. En quelques ann\u00e9es Tanger s\u2019est convertie en deuxi\u00e8me poumon \u00e9conomique du Maroc.<\/p>\n<p><strong>Pourriez-vous nous d\u00e9finir le r\u00f4le principal de cette nouvelle repr\u00e9sentation \u00e0 Tanger ?<\/strong><\/p>\n<p>La d\u00e9l\u00e9gation r\u00e9gionale de la CCISPM \u00e0 Tanger aura comme principale mission d\u2019assurer une continuit\u00e9 des services de la Chambre en d\u00e9veloppant des relations \u00e9conomiques entre le Portugal et la r\u00e9gion du Nord du Royaume en accompagnant, soutenant les entreprises portugaises dans leurs d\u00e9marches d\u2019investissement dans cette r\u00e9gion et en encourageant les entreprises marocaines \u00e0 se rapprocher du march\u00e9 portugais et lusophone. La CCISPM en g\u00e9n\u00e9ral et la d\u00e9l\u00e9gation r\u00e9gionale de Tanger en particulier ont une \u00e9norme volont\u00e9 de consolider cette dynamique positive par la mise en place de m\u00e9canismes bilat\u00e9raux \u00e0 vocation \u00e9conomique et par la programmation de rencontres et de visites de travail dans l\u2019objectif de renforcer davantage les \u00e9changes commerciaux.<br \/>\nQuel est l\u2019apport de cette d\u00e9l\u00e9gation aux \u00e9changes maroco-portugais ?<br \/>\nLa d\u00e9l\u00e9gation de Tanger de la Chambre de commerce, d\u2019industrie et des services de Portugal au Maroc fait partie int\u00e9grante du r\u00e9seau des Chambres de commerce portugaises, qui est une entit\u00e9 de r\u00e9f\u00e9rence dans la dynamisation des \u00e9changes commerciaux entre le Maroc et le Portugal.<br \/>\nElle entend continuer \u00e0 \u0153uvrer pour rapprocher les entreprises du Maroc et du Portugal \u00e0 travers l\u2019organisation d\u2019\u00e9v\u00e8nements de networking, des missions d\u2019affaires au Maroc et Portugal, des \u00e9v\u00e9nements culturels et sportifs afin de promouvoir les relations bilat\u00e9rales en mati\u00e8re d\u2019\u00e9changes commerciaux et de co-investissement tout en \u00e9tant un v\u00e9ritable organe repr\u00e9sentant des int\u00e9r\u00eats commerciaux Maroc-Portugal aupr\u00e8s des diff\u00e9rents op\u00e9rateurs des deux bords.<\/p>\n<p><strong>Pourriez-vous nous donner une id\u00e9e sur la pr\u00e9sence des entreprises portugaises dans la r\u00e9gion du Nord ?<\/strong><\/p>\n<p>Au cours de ces derni\u00e8res ann\u00e9es, les relations \u00e9conomiques entre les deux pays ont connu une bonne \u00e9volution. Le Maroc est le deuxi\u00e8me partenaire commercial du Portugal en Afrique et le premier au Maghreb. Il est bien clair que le Royaume est un partenaire strat\u00e9gique et structurel qui pr\u00e9sente des enjeux majeurs pour le Portugal et pour L\u2019UE. Aujourd\u2019hui nous avons plus de 180 soci\u00e9t\u00e9s de renomm\u00e9e internationale bas\u00e9es au Maroc et principalement \u00e0 Tanger, qui abrite plusieurs multinationales de divers secteurs d\u2019activit\u00e9 dans l\u2019industrie automobile et a\u00e9ronautique, l\u2019agriculture, le textile et les services. De m\u00eame que plusieurs soci\u00e9t\u00e9s sont en cours d\u2019installation, c\u2019est pour cette raison que nous avons d\u00e9cid\u00e9 de nous installer sur place afin d\u2019\u00eatre proches d\u2019eux.<br \/>\nA votre avis, pourquoi les investissements et les \u00e9changes commerciaux entre les deux pays demeurent encore modestes ?<br \/>\nJ\u2019aimerais rappeler que les investissements portugais au Maroc sont en \u00e9volution sp\u00e9cialement durant ces derni\u00e8res ann\u00e9es. Chiffres \u00e0 l\u2019appui, entre 2019 et 2021 il y a eu une croissance de 21,3% des \u00e9changes commerciaux de biens du Portugal vers le Maroc, avec un total de 862,2 millions d\u2019euros d\u2019exportations et plus de 1.300 entreprises exportatrices vers le Maroc.<br \/>\nEn tant que fournisseur, le Maroc est class\u00e9 au neuvi\u00e8me rang du commerce portugais.<br \/>\nIl a pu r\u00e9aliser 2,64% de ses exportations vers le Portugal, soit une hausse significative par rapport \u00e0 2019. En tant que client, le Maroc est actuellement \u00e0 la douzi\u00e8me position des importations du Portugal, totalisant ainsi 1,33% de ses importations avec \u00e9galement une \u00e9volution par rapport \u00e0 2019. Le d\u00e9veloppement des relations \u00e9conomiques aurait pu se d\u00e9velopper encore davantage s\u2019il n\u2019y avait pas eu la crise pand\u00e9mique.<\/p>\n<\/div>\n<p>Auteur: Najat Fa\u00efssal<br \/>\n<a href=\"https:\/\/aujourdhui.ma\/economie\/omar-kadaoui-le-maroc-est-le-premier-partenaire-commercial-du-portugal-au-maghreb\">Cliquez ici pour lire l&rsquo;article depuis sa source.<\/a><\/p>\n","protected":false},"excerpt":{"rendered":"<p>Entretien avec Omar Kadaoui, pr\u00e9sident de la D\u00e9l\u00e9gation r\u00e9gionale de la CCISPM \u00e0 Tanger Dans cet entretien, le pr\u00e9sident de la Chambre de commerce, d\u2019industrie et de services du Portugal au Maroc \u00e0 Tanger, donne, \u00e0 l\u2019occasion de l\u2019ouverture officielle de cette repr\u00e9sentation, un aper\u00e7u sur l\u2019investissement portugais au Maroc en g\u00e9n\u00e9ral et \u00e0 Tanger [&hellip;]<\/p>\n","protected":false},"author":1759,"featured_media":0,"comment_status":"closed","ping_status":"closed","sticky":false,"template":"","format":"standard","meta":{"fifu_image_url":"https:\/\/aujourdhui.ma\/wp-content\/uploads\/2022\/04\/Omar-Kadaoui-300x153.jpg","fifu_image_alt":"Omar Kadaoui: \u00abLe Maroc est le premier partenaire  commercial du Portugal au Maghreb\u00bb","footnotes":""},"categories":[73,54],"tags":[],"class_list":["post-144921","post","type-post","status-publish","format-standard","hentry","category-actualite","category-maroc"],"_links":{"self":[{"href":"https:\/\/linitiative.ca\/International\/wp-json\/wp\/v2\/posts\/144921","targetHints":{"allow":["GET"]}}],"collection":[{"href":"https:\/\/linitiative.ca\/International\/wp-json\/wp\/v2\/posts"}],"about":[{"href":"https:\/\/linitiative.ca\/International\/wp-json\/wp\/v2\/types\/post"}],"author":[{"embeddable":true,"href":"https:\/\/linitiative.ca\/International\/wp-json\/wp\/v2\/users\/1759"}],"replies":[{"embeddable":true,"href":"https:\/\/linitiative.ca\/International\/wp-json\/wp\/v2\/comments?post=144921"}],"version-history":[{"count":0,"href":"https:\/\/linitiative.ca\/International\/wp-json\/wp\/v2\/posts\/144921\/revisions"}],"wp:attachment":[{"href":"https:\/\/linitiative.ca\/International\/wp-json\/wp\/v2\/media?parent=144921"}],"wp:term":[{"taxonomy":"category","embeddable":true,"href":"https:\/\/linitiative.ca\/International\/wp-json\/wp\/v2\/categories?post=144921"},{"taxonomy":"post_tag","embeddable":true,"href":"https:\/\/linitiative.ca\/International\/wp-json\/wp\/v2\/tags?post=144921"}],"curies":[{"name":"wp","href":"https:\/\/api.w.org\/{rel}","templated":true}]}}