{"id":144923,"date":"2022-04-07T10:29:47","date_gmt":"2022-04-07T14:29:47","guid":{"rendered":"https:\/\/linitiative.ca\/International\/video-nabila-rmili-sensibilise-a-la-proprete-de-casablanca\/"},"modified":"2022-04-07T10:29:47","modified_gmt":"2022-04-07T14:29:47","slug":"video-nabila-rmili-sensibilise-a-la-proprete-de-casablanca","status":"publish","type":"post","link":"https:\/\/linitiative.ca\/International\/video-nabila-rmili-sensibilise-a-la-proprete-de-casablanca\/","title":{"rendered":"Vid\u00e9o : Nabila Rmili sensibilise \u00e0 la propret\u00e9 de Casablanca"},"content":{"rendered":"<div>\n<p><img loading=\"lazy\" decoding=\"async\" width=\"300\" height=\"153\" src=\"https:\/\/linitiative.ca\/International\/wp-content\/uploads\/sites\/23\/2022\/04\/Nabila-Rmili-sensibilise-propreteCC81-Casablanca-300x153-1.jpg\" class=\"attachment-medium size-medium wp-post-image\" alt=\"\" srcset=\"https:\/\/linitiative.ca\/International\/wp-content\/uploads\/sites\/23\/2022\/04\/Nabila-Rmili-sensibilise-propreteCC81-Casablanca-300x153-1.jpg 300w, https:\/\/aujourdhui.ma\/wp-content\/uploads\/2022\/04\/Nabila-Rmili-sensibilise-proprete\u0301-Casablanca-274x140.jpg 274w, https:\/\/aujourdhui.ma\/wp-content\/uploads\/2022\/04\/Nabila-Rmili-sensibilise-proprete\u0301-Casablanca.jpg 746w, https:\/\/aujourdhui.ma\/wp-content\/uploads\/2022\/04\/Nabila-Rmili-sensibilise-proprete\u0301-Casablanca-165x84.jpg 165w, https:\/\/aujourdhui.ma\/wp-content\/uploads\/2022\/04\/Nabila-Rmili-sensibilise-proprete\u0301-Casablanca-702x358.jpg 702w\" sizes=\"auto, (max-width: 300px) 100vw, 300px\"><\/p>\n<p><span style=\"font-size: 20px; color: #800000;\"><strong>Les \u00ab\u00a0jeudis propres\u00a0\u00bb de Casablanca se poursuivent.<\/strong><\/span><span id=\"more-404597\"><\/span><\/p>\n<p>En ce premier jeudi du mois de Ramadan, Nabila Rmili, pr\u00e9sidente du Conseil communal de Casablanca, est descendue en personne sur le terrain dans le quartier Benjdia pour sensibiliser la communaut\u00e9 casablancaise \u00e0 faire de la capitale \u00e9conomique une ville propre.<\/p>\n<p>L\u2019\u00e9lue insiste dans ce sens sur le respect des horaires de la collecte de d\u00e9chets m\u00e9nagers, fix\u00e9e chaque soir entre 20h et 4h du matin. En s\u2019y conformant, chaque m\u00e9nage contribuera \u00e0 l\u2019assainissement de la ville et r\u00e9duira l\u2019encombrement des ordures au niveau des quartiers.<\/p>\n<p><strong>Reportage Chafik Arich<\/strong><\/p>\n<\/div>\n<p>Auteur: ALM<br \/>\n<a href=\"https:\/\/aujourdhui.ma\/videos\/video-nabila-rmili-sensibilise-a-la-proprete-de-casablanca\">Cliquez ici pour lire l&rsquo;article depuis sa source.<\/a><\/p>\n","protected":false},"excerpt":{"rendered":"<p>Les \u00ab\u00a0jeudis propres\u00a0\u00bb de Casablanca se poursuivent. En ce premier jeudi du mois de Ramadan, Nabila Rmili, pr\u00e9sidente du Conseil communal de Casablanca, est descendue en personne sur le terrain dans le quartier Benjdia pour sensibiliser la communaut\u00e9 casablancaise \u00e0 faire de la capitale \u00e9conomique une ville propre. L\u2019\u00e9lue insiste dans ce sens sur le [&hellip;]<\/p>\n","protected":false},"author":1759,"featured_media":0,"comment_status":"closed","ping_status":"closed","sticky":false,"template":"","format":"standard","meta":{"fifu_image_url":"https:\/\/aujourdhui.ma\/wp-content\/uploads\/2022\/04\/Nabila-Rmili-sensibilise-proprete\u0301-Casablanca-300x153.jpg","fifu_image_alt":"Vid\u00e9o : Nabila Rmili sensibilise \u00e0 la propret\u00e9 de Casablanca","footnotes":""},"categories":[73,54],"tags":[],"class_list":["post-144923","post","type-post","status-publish","format-standard","hentry","category-actualite","category-maroc"],"_links":{"self":[{"href":"https:\/\/linitiative.ca\/International\/wp-json\/wp\/v2\/posts\/144923","targetHints":{"allow":["GET"]}}],"collection":[{"href":"https:\/\/linitiative.ca\/International\/wp-json\/wp\/v2\/posts"}],"about":[{"href":"https:\/\/linitiative.ca\/International\/wp-json\/wp\/v2\/types\/post"}],"author":[{"embeddable":true,"href":"https:\/\/linitiative.ca\/International\/wp-json\/wp\/v2\/users\/1759"}],"replies":[{"embeddable":true,"href":"https:\/\/linitiative.ca\/International\/wp-json\/wp\/v2\/comments?post=144923"}],"version-history":[{"count":0,"href":"https:\/\/linitiative.ca\/International\/wp-json\/wp\/v2\/posts\/144923\/revisions"}],"wp:attachment":[{"href":"https:\/\/linitiative.ca\/International\/wp-json\/wp\/v2\/media?parent=144923"}],"wp:term":[{"taxonomy":"category","embeddable":true,"href":"https:\/\/linitiative.ca\/International\/wp-json\/wp\/v2\/categories?post=144923"},{"taxonomy":"post_tag","embeddable":true,"href":"https:\/\/linitiative.ca\/International\/wp-json\/wp\/v2\/tags?post=144923"}],"curies":[{"name":"wp","href":"https:\/\/api.w.org\/{rel}","templated":true}]}}