{"id":144925,"date":"2022-04-07T11:28:05","date_gmt":"2022-04-07T15:28:05","guid":{"rendered":"https:\/\/linitiative.ca\/International\/covid-19-maroc-la-situation-epidemiologique-au-7-avril-2022-a-16h00\/"},"modified":"2022-04-07T11:28:05","modified_gmt":"2022-04-07T15:28:05","slug":"covid-19-maroc-la-situation-epidemiologique-au-7-avril-2022-a-16h00","status":"publish","type":"post","link":"https:\/\/linitiative.ca\/International\/covid-19-maroc-la-situation-epidemiologique-au-7-avril-2022-a-16h00\/","title":{"rendered":"Covid-19 \/ Maroc : La situation \u00e9pid\u00e9miologique au 7 avril 2022 \u00e0 16H00"},"content":{"rendered":"<div>\n<p><img loading=\"lazy\" decoding=\"async\" width=\"300\" height=\"153\" src=\"https:\/\/linitiative.ca\/International\/wp-content\/uploads\/sites\/23\/2022\/04\/Covid-300x153-2.jpg\" class=\"attachment-medium size-medium wp-post-image\" alt=\"\" srcset=\"https:\/\/linitiative.ca\/International\/wp-content\/uploads\/sites\/23\/2022\/04\/Covid-300x153-2.jpg 300w, https:\/\/aujourdhui.ma\/wp-content\/uploads\/2022\/03\/Covid-274x140.jpg 274w, https:\/\/aujourdhui.ma\/wp-content\/uploads\/2022\/03\/Covid.jpg 746w, https:\/\/aujourdhui.ma\/wp-content\/uploads\/2022\/03\/Covid-165x84.jpg 165w, https:\/\/aujourdhui.ma\/wp-content\/uploads\/2022\/03\/Covid-702x358.jpg 702w\" sizes=\"auto, (max-width: 300px) 100vw, 300px\"><\/p>\n<p><strong>La situation \u00e9pid\u00e9miologique au 7 avril 2022 \u00e0 16H00<\/strong><\/p>\n<p>80 nouveaux cas soit un cumul de 1.163.806 cas \u00e0 ce jour.<br \/>\n51 gu\u00e9risons soit un cumul de 1.146.993 \u00e0 ce jour.<br \/>\nZ\u00c9RO D\u00c9C\u00c8S donc un cumul de 16.061 \u00e0 ce jour.<\/p>\n<p><span style=\"color: #ff0000;\"><strong>Nombre de personnes vaccin\u00e9es au 7 avril 16H00<\/strong><\/span><\/p>\n<p>1\u00e8re dose : 24 792 924<\/p>\n<p>2\u00e8me dose : 23 267 455<\/p>\n<p>3\u00e8me dose : 6 174 177<\/p>\n<p>\u00a0<\/p>\n<p><a href=\"https:\/\/linitiative.ca\/International\/wp-content\/uploads\/sites\/23\/2022\/04\/WhatsApp-Image-2022-04-07-at-3.06.25-PM1.jpeg\"><img loading=\"lazy\" decoding=\"async\" class=\"aligncenter size-full wp-image-404607\" src=\"https:\/\/linitiative.ca\/International\/wp-content\/uploads\/sites\/23\/2022\/04\/WhatsApp-Image-2022-04-07-at-3.06.25-PM1.jpeg\" alt=\"\" width=\"1170\" height=\"1590\" srcset=\"https:\/\/linitiative.ca\/International\/wp-content\/uploads\/sites\/23\/2022\/04\/WhatsApp-Image-2022-04-07-at-3.06.25-PM1.jpeg 1170w, https:\/\/aujourdhui.ma\/wp-content\/uploads\/2022\/04\/WhatsApp-Image-2022-04-07-at-3.06.25-PM1-221x300.jpeg 221w, https:\/\/aujourdhui.ma\/wp-content\/uploads\/2022\/04\/WhatsApp-Image-2022-04-07-at-3.06.25-PM1-754x1024.jpeg 754w, https:\/\/aujourdhui.ma\/wp-content\/uploads\/2022\/04\/WhatsApp-Image-2022-04-07-at-3.06.25-PM1-768x1044.jpeg 768w, https:\/\/aujourdhui.ma\/wp-content\/uploads\/2022\/04\/WhatsApp-Image-2022-04-07-at-3.06.25-PM1-1130x1536.jpeg 1130w\" sizes=\"auto, (max-width: 1170px) 100vw, 1170px\"><\/a> <a href=\"https:\/\/linitiative.ca\/International\/wp-content\/uploads\/sites\/23\/2022\/04\/WhatsApp-Image-2022-04-07-at-3.06.25-PM.jpeg\"><img loading=\"lazy\" decoding=\"async\" class=\"aligncenter size-full wp-image-404608\" src=\"https:\/\/linitiative.ca\/International\/wp-content\/uploads\/sites\/23\/2022\/04\/WhatsApp-Image-2022-04-07-at-3.06.25-PM.jpeg\" alt=\"\" width=\"1170\" height=\"576\" srcset=\"https:\/\/linitiative.ca\/International\/wp-content\/uploads\/sites\/23\/2022\/04\/WhatsApp-Image-2022-04-07-at-3.06.25-PM.jpeg 1170w, https:\/\/aujourdhui.ma\/wp-content\/uploads\/2022\/04\/WhatsApp-Image-2022-04-07-at-3.06.25-PM-300x148.jpeg 300w, https:\/\/aujourdhui.ma\/wp-content\/uploads\/2022\/04\/WhatsApp-Image-2022-04-07-at-3.06.25-PM-1024x504.jpeg 1024w, https:\/\/aujourdhui.ma\/wp-content\/uploads\/2022\/04\/WhatsApp-Image-2022-04-07-at-3.06.25-PM-768x378.jpeg 768w\" sizes=\"auto, (max-width: 1170px) 100vw, 1170px\"><\/a> <a href=\"https:\/\/linitiative.ca\/International\/wp-content\/uploads\/sites\/23\/2022\/04\/WhatsApp-Image-2022-04-07-at-3.07.03-PM.jpeg\"><img loading=\"lazy\" decoding=\"async\" class=\"aligncenter size-full wp-image-404609\" src=\"https:\/\/linitiative.ca\/International\/wp-content\/uploads\/sites\/23\/2022\/04\/WhatsApp-Image-2022-04-07-at-3.07.03-PM.jpeg\" alt=\"\" width=\"1170\" height=\"1569\" srcset=\"https:\/\/linitiative.ca\/International\/wp-content\/uploads\/sites\/23\/2022\/04\/WhatsApp-Image-2022-04-07-at-3.07.03-PM.jpeg 1170w, https:\/\/aujourdhui.ma\/wp-content\/uploads\/2022\/04\/WhatsApp-Image-2022-04-07-at-3.07.03-PM-224x300.jpeg 224w, https:\/\/aujourdhui.ma\/wp-content\/uploads\/2022\/04\/WhatsApp-Image-2022-04-07-at-3.07.03-PM-764x1024.jpeg 764w, https:\/\/aujourdhui.ma\/wp-content\/uploads\/2022\/04\/WhatsApp-Image-2022-04-07-at-3.07.03-PM-768x1030.jpeg 768w, https:\/\/aujourdhui.ma\/wp-content\/uploads\/2022\/04\/WhatsApp-Image-2022-04-07-at-3.07.03-PM-1145x1536.jpeg 1145w\" sizes=\"auto, (max-width: 1170px) 100vw, 1170px\"><\/a><\/p>\n<\/div>\n<p>Auteur: ALM<br \/>\n<a href=\"https:\/\/aujourdhui.ma\/actualite\/covid-19-maroc-la-situation-epidemiologique-au-7-avril-2022-a-16h00\">Cliquez ici pour lire l&rsquo;article depuis sa source.<\/a><\/p>\n","protected":false},"excerpt":{"rendered":"<p>La situation \u00e9pid\u00e9miologique au 7 avril 2022 \u00e0 16H00 80 nouveaux cas soit un cumul de 1.163.806 cas \u00e0 ce jour. 51 gu\u00e9risons soit un cumul de 1.146.993 \u00e0 ce jour. Z\u00c9RO D\u00c9C\u00c8S donc un cumul de 16.061 \u00e0 ce jour. Nombre de personnes vaccin\u00e9es au 7 avril 16H00 1\u00e8re dose : 24 792 924 [&hellip;]<\/p>\n","protected":false},"author":1759,"featured_media":0,"comment_status":"closed","ping_status":"closed","sticky":false,"template":"","format":"standard","meta":{"fifu_image_url":"https:\/\/aujourdhui.ma\/wp-content\/uploads\/2022\/03\/Covid-300x153.jpg","fifu_image_alt":"Covid-19 \/ Maroc : La situation \u00e9pid\u00e9miologique au 7 avril 2022 \u00e0 16H00","footnotes":""},"categories":[73,54],"tags":[],"class_list":["post-144925","post","type-post","status-publish","format-standard","hentry","category-actualite","category-maroc"],"_links":{"self":[{"href":"https:\/\/linitiative.ca\/International\/wp-json\/wp\/v2\/posts\/144925","targetHints":{"allow":["GET"]}}],"collection":[{"href":"https:\/\/linitiative.ca\/International\/wp-json\/wp\/v2\/posts"}],"about":[{"href":"https:\/\/linitiative.ca\/International\/wp-json\/wp\/v2\/types\/post"}],"author":[{"embeddable":true,"href":"https:\/\/linitiative.ca\/International\/wp-json\/wp\/v2\/users\/1759"}],"replies":[{"embeddable":true,"href":"https:\/\/linitiative.ca\/International\/wp-json\/wp\/v2\/comments?post=144925"}],"version-history":[{"count":0,"href":"https:\/\/linitiative.ca\/International\/wp-json\/wp\/v2\/posts\/144925\/revisions"}],"wp:attachment":[{"href":"https:\/\/linitiative.ca\/International\/wp-json\/wp\/v2\/media?parent=144925"}],"wp:term":[{"taxonomy":"category","embeddable":true,"href":"https:\/\/linitiative.ca\/International\/wp-json\/wp\/v2\/categories?post=144925"},{"taxonomy":"post_tag","embeddable":true,"href":"https:\/\/linitiative.ca\/International\/wp-json\/wp\/v2\/tags?post=144925"}],"curies":[{"name":"wp","href":"https:\/\/api.w.org\/{rel}","templated":true}]}}