{"id":144930,"date":"2022-04-06T14:00:00","date_gmt":"2022-04-06T18:00:00","guid":{"rendered":"https:\/\/linitiative.ca\/International\/mobilisation-continue-pour-garantir-lapprovisionnement-des-marches\/"},"modified":"2022-04-06T14:00:00","modified_gmt":"2022-04-06T18:00:00","slug":"mobilisation-continue-pour-garantir-lapprovisionnement-des-marches","status":"publish","type":"post","link":"https:\/\/linitiative.ca\/International\/mobilisation-continue-pour-garantir-lapprovisionnement-des-marches\/","title":{"rendered":"Mobilisation continue pour garantir l\u2019approvisionnement des march\u00e9s"},"content":{"rendered":"<div>\n<p class=\"has-text-align-center has-vivid-red-color has-text-color\"><strong>Ramadan \u00e0 Guelmim Oued-Noun<\/strong><\/p>\n<p class=\"has-text-align-right has-black-color has-text-color\">Par Ahmed El Guermali \u2013 MAP<\/p>\n<p class=\"has-black-color has-text-color\"><strong>Avec l\u2019av\u00e8nement du mois sacr\u00e9 de Ramadan au niveau de la r\u00e9gion Guelmim Oued-Noun et la grande demande sur les produits alimentaires et de consommation durant cette p\u00e9riode, certaines pratiques d\u00e9loyales de la part de quelques commer\u00e7ants et vendeurs refont surface, comme celles du monopole et de la sp\u00e9culation qui risquent de porter atteinte au pouvoir d\u2019achat des consommateurs.<\/strong><\/p>\n<p class=\"has-black-color has-text-color\">C\u2019est ainsi que pour lutter contre ces pratiques et pr\u00e9server le pouvoir d\u2019achat des citoyens et garantir leur s\u00e9curit\u00e9 sanitaire, les diff\u00e9rents services pr\u00e9fectoraux de la r\u00e9gion Guelmim Oued-Noun (Guelmim, Sidi Ifni, Tan-Tan, Assa-Zag) se sont mobilis\u00e9s depuis le d\u00e9but de l\u2019ann\u00e9e en cours, en coordination avec les services concern\u00e9s par le contr\u00f4le de l\u2019approvisionnement, pour prendre les mesures n\u00e9cessaires et pr\u00e9ventives pour lutter contre ce genre de ph\u00e9nom\u00e8ne.<\/p>\n<p class=\"has-black-color has-text-color\">Il s\u2019agit, en l\u2019occurrence, du suivi quotidien de l\u2019\u00e9tat d\u2019approvisionnement des march\u00e9s locaux et l\u2019\u00e9laboration d\u2019un programme d\u2019action pour le contr\u00f4le en mati\u00e8re de commercialisation et de qualit\u00e9 de la part des commissions provinciales et locales, la d\u00e9tection de toute faille possible dans l\u2019approvisionnement et l\u2019intervention en temps opportun pour y rem\u00e9dier, outre la lutte contre toute pratique \u00e0 m\u00eame d\u2019impacter n\u00e9gativement la situation des prix et l\u2019approvisionnement r\u00e9gulier des march\u00e9s.<\/p>\n<p class=\"has-black-color has-text-color\">A cet effet, une s\u00e9rie de r\u00e9unions de coordination ont \u00e9t\u00e9 tenues au niveau des diff\u00e9rentes pr\u00e9fectures de province de la r\u00e9gion consacr\u00e9e \u00e0 l\u2019examen des mesures devant \u00eatre prises durant le mois de Ramadan pour le contr\u00f4le et le suivi de la situation des prix et de l\u2019approvisionnement, afin que ce mois sacr\u00e9 puisse se d\u00e9rouler dans les meilleures conditions dans la r\u00e9gion.<\/p>\n<p class=\"has-black-color has-text-color\">Les autorit\u00e9s locales ont insist\u00e9 \u00e0 cette occasion sur la n\u00e9cessit\u00e9 d\u2019une vigilance permanente pour d\u00e9tecter tout dysfonctionnement possible dans l\u2019approvisionnement et les prix pratiqu\u00e9s, tout en soulignant l\u2019importance de la mobilisation g\u00e9n\u00e9rale de l\u2019ensemble des services concern\u00e9s pour un suivi quotidien de la situation des march\u00e9s locaux et la pr\u00e9servation du pouvoir d\u2019achat.<\/p>\n<p class=\"has-black-color has-text-color\">C\u2019est dans cet esprit que la commission provinciale mixte charg\u00e9e du contr\u00f4le des prix et de la qualit\u00e9 des produits m\u00e8ne au niveau de chaque province de la r\u00e9gion des tourn\u00e9es sur le terrain et des op\u00e9rations de contr\u00f4le impromptu ciblant plusieurs commerces et march\u00e9s en milieu urbain et rural, pour contr\u00f4ler les prix pratiqu\u00e9s, la qualit\u00e9 des produits de consommation vendus, l\u2019\u00e9tat de l\u2019approvisionnement, et prendre les mesures qui s\u2019imposent contre les contrevenants.<\/p>\n<p class=\"has-black-color has-text-color\">A ce propos, plusieurs chefs de division des affaires \u00e9conomiques au niveau des pr\u00e9fectures de province de la r\u00e9gion ont indiqu\u00e9, dans des d\u00e9clarations \u00e0 la MAP \u00e0 l\u2019occasion de tourn\u00e9es dans les march\u00e9s et points de vente, que ces op\u00e9rations s\u2019inscrivent dans le cadre du suivi des march\u00e9s et souks en termes de prix, d\u2019approvisionnement, et de qualit\u00e9 des produits commercialis\u00e9s et leurs conditions de stockage.<br \/>Ainsi, ils ont affirm\u00e9 que l\u2019ensemble des march\u00e9s de la r\u00e9gion sont suffisamment approvisionn\u00e9s en produits alimentaires et de base, expliquant que dans le cadre des pr\u00e9paratifs pour le mois de Ramadan, les op\u00e9rations de suivi men\u00e9es par les commissions ont montr\u00e9 que l\u2019ensemble des produits de consommation sont disponibles en quantit\u00e9 suffisantes et de qualit\u00e9, et qu\u2019aucun manque ou p\u00e9nurie n\u2019est enregistr\u00e9.<\/p>\n<p class=\"has-black-color has-text-color\">Ils ont aussi fait savoir que les tourn\u00e9es de contr\u00f4le des march\u00e9s se font de mani\u00e8re p\u00e9riodique au niveau local en coordination avec les services concern\u00e9s, et que les commissions mixtes effectuent des tourn\u00e9es r\u00e9guli\u00e8res tout au long de la semaine dans le souci de protection du consommateur et pour constater et verbaliser les contrevenants.<br \/>Lors de ces tourn\u00e9es dans les march\u00e9s et points de vente, les membres de la commission ont \u00e9galement sensibilis\u00e9 les commer\u00e7ants et vendeurs sur la n\u00e9cessit\u00e9 de respecter les dispositions l\u00e9gales et r\u00e9glementaires relatives \u00e0 la libert\u00e9 des prix et de la concurrence.<\/p>\n<p>L\u2019article <a rel=\"nofollow\" href=\"http:\/\/albayane.press.ma\/mobilisation-continue-pour-garantir-lapprovisionnement-des-marches.html\">Mobilisation continue pour garantir l\u2019approvisionnement des march\u00e9s<\/a> est apparu en premier sur <a rel=\"nofollow\" href=\"http:\/\/albayane.press.ma\/\">ALBAYANE<\/a>.<\/p>\n<\/div>\n<p>Auteur: M&rsquo;hammed rahal<br \/>\n<a href=\"http:\/\/albayane.press.ma\/mobilisation-continue-pour-garantir-lapprovisionnement-des-marches.html\">Cliquez ici pour lire l&rsquo;article depuis sa source.<\/a><\/p>\n","protected":false},"excerpt":{"rendered":"<p>Ramadan \u00e0 Guelmim Oued-Noun Par Ahmed El Guermali \u2013 MAP Avec l\u2019av\u00e8nement du mois sacr\u00e9 de Ramadan au niveau de la r\u00e9gion Guelmim Oued-Noun et la grande demande sur les produits alimentaires et de consommation durant cette p\u00e9riode, certaines pratiques d\u00e9loyales de la part de quelques commer\u00e7ants et vendeurs refont surface, comme celles du monopole [&hellip;]<\/p>\n","protected":false},"author":1760,"featured_media":0,"comment_status":"closed","ping_status":"closed","sticky":false,"template":"","format":"standard","meta":{"fifu_image_url":"","fifu_image_alt":"","footnotes":""},"categories":[73,54],"tags":[],"class_list":["post-144930","post","type-post","status-publish","format-standard","hentry","category-actualite","category-maroc"],"_links":{"self":[{"href":"https:\/\/linitiative.ca\/International\/wp-json\/wp\/v2\/posts\/144930","targetHints":{"allow":["GET"]}}],"collection":[{"href":"https:\/\/linitiative.ca\/International\/wp-json\/wp\/v2\/posts"}],"about":[{"href":"https:\/\/linitiative.ca\/International\/wp-json\/wp\/v2\/types\/post"}],"author":[{"embeddable":true,"href":"https:\/\/linitiative.ca\/International\/wp-json\/wp\/v2\/users\/1760"}],"replies":[{"embeddable":true,"href":"https:\/\/linitiative.ca\/International\/wp-json\/wp\/v2\/comments?post=144930"}],"version-history":[{"count":0,"href":"https:\/\/linitiative.ca\/International\/wp-json\/wp\/v2\/posts\/144930\/revisions"}],"wp:attachment":[{"href":"https:\/\/linitiative.ca\/International\/wp-json\/wp\/v2\/media?parent=144930"}],"wp:term":[{"taxonomy":"category","embeddable":true,"href":"https:\/\/linitiative.ca\/International\/wp-json\/wp\/v2\/categories?post=144930"},{"taxonomy":"post_tag","embeddable":true,"href":"https:\/\/linitiative.ca\/International\/wp-json\/wp\/v2\/tags?post=144930"}],"curies":[{"name":"wp","href":"https:\/\/api.w.org\/{rel}","templated":true}]}}