{"id":144932,"date":"2022-04-06T14:00:00","date_gmt":"2022-04-06T18:00:00","guid":{"rendered":"https:\/\/linitiative.ca\/International\/hausse-des-prix-le-pps-exprime-son-etonnement-face-au-mutisme-du-gouvernement\/"},"modified":"2022-04-06T14:00:00","modified_gmt":"2022-04-06T18:00:00","slug":"hausse-des-prix-le-pps-exprime-son-etonnement-face-au-mutisme-du-gouvernement","status":"publish","type":"post","link":"https:\/\/linitiative.ca\/International\/hausse-des-prix-le-pps-exprime-son-etonnement-face-au-mutisme-du-gouvernement\/","title":{"rendered":"Hausse des prix : le PPS exprime son \u00e9tonnement face au mutisme du gouvernement"},"content":{"rendered":"<div>\n<p class=\"has-text-align-center has-vivid-cyan-blue-color has-text-color\"><strong>Communiqu\u00e9 du bureau politique<\/strong><\/p>\n<p class=\"has-black-color has-text-color\"><strong>Le bureau politique du Parti du Progr\u00e8s et du Socialisme a consacr\u00e9 la plus grande partie de sa r\u00e9union p\u00e9riodique du mardi 5 avril 2022 \u00e0 l\u2019examen de la flamb\u00e9e vertigineuse et sans pr\u00e9c\u00e9dent des prix des carburants et de la hausse des prix de la plupart des produits de consommation de base qui l\u2019accompagne, en particulier en cette p\u00e9riode du mois sacr\u00e9 de Ramadan. Compte tenu de ce qui pr\u00e9c\u00e8de, le bureau politique a exprim\u00e9 sa pr\u00e9occupation totale et son inqui\u00e9tude forte \u00e0 l\u2019\u00e9gard de la d\u00e9t\u00e9rioration de la situation sociale et de la baisse continue du pouvoir d\u2019achat de la majorit\u00e9 des citoyennes et des citoyens, en particulier en ce qui concerne les couches pauvres et les franges d\u00e9munies, dont les souffrances se sont exacerb\u00e9es \u00e0 cause de la combinaison des facteurs li\u00e9s aux\u00a0 r\u00e9percussions de la pand\u00e9mie, au retard des pluies et \u00e0 l\u2019augmentation du co\u00fbt de la vie.<\/strong><\/p>\n<p class=\"has-black-color has-text-color\">A ce propos, le Parti du Progr\u00e8s et du Socialisme r\u00e9it\u00e8re ses positions responsables et les propositions constructives qu\u2019il avait formul\u00e9es au cours des derni\u00e8res semaines.<\/p>\n<p class=\"has-black-color has-text-color\">Il exprime son \u00e9tonnement devant le mutisme du gouvernement et l\u2019absence des mesures n\u00e9cessaires qu\u2019il doit\u00a0 prendre ainsi que devant la faiblesse de la communication et de la pr\u00e9sence politiques du gouvernement dans le cadre de ces moments difficiles qui requi\u00e8rent de sa part d\u2019\u00eatre effectivement un gouvernement politique fort. Il consid\u00e8re de m\u00eame que sa gestion des complications de l\u2019\u00e9tape ne rev\u00eat pas, jusqu\u2019\u00e0 pr\u00e9sent, un aspect dynamique de poids. C\u2019est une gestion d\u00e9pourvue d\u2019une vision claire et pr\u00e9cise, d\u2019un plan global au lieu de mesures isol\u00e9es et de l\u2019audace politique d\u2019initier l\u2019\u00e9laboration et la mise en \u0153uvre de solutions et d\u2019alternatives appropri\u00e9es au caract\u00e8re exceptionnel de la situation \u00e9conomique et sociale actuelle.<\/p>\n<p class=\"has-black-color has-text-color\">Au niveau de la vie interne du parti, le bureau politique a pass\u00e9 en revue les activit\u00e9s r\u00e9alis\u00e9es au cours de la derni\u00e8re p\u00e9riode. Il s\u2019est notamment f\u00e9licit\u00e9 de la rencontre de communication partisane r\u00e9ussie, organis\u00e9e \u00e0 Martil par la section provinciale de Medieq-Fnideq, sous l\u2019encadrement du camarade, le Secr\u00e9taire G\u00e9n\u00e9ral du parti et d\u2019une d\u00e9l\u00e9gation du bureau politique.<\/p>\n<p class=\"has-black-color has-text-color\">Le bureau politique a \u00e9galement pris les mesures n\u00e9cessaires \u00e0 l\u2019organisation d\u2019une s\u00e9rie de \u00ab rencontres ramadanesques du jeudi \u00bb au si\u00e8ge national du Parti \u00e0 Rabat, \u00e0 partir du jeudi 14 avril courant. Il s\u2019agit d\u2019une premi\u00e8re conf\u00e9rence autour des \u00ab probl\u00e9matiques hydriques \u00bb, d\u2019une deuxi\u00e8me au sujet de \u00ab la situation \u00e9conomique et sociale actuelle \u00bb en partenariat avec le mouvement Damir et d\u2019une troisi\u00e8me \u00e0 propos de \u00ab la presse et l\u2019\u00e9dification d\u00e9mocratique \u00bb.<\/p>\n<p class=\"has-black-color has-text-color\">Dans le m\u00eame temps, le bureau politique a incit\u00e9 les sections provinciales du Parti \u00e0 initier l\u2019organisation d\u2019activit\u00e9s, de rencontres et de conf\u00e9rences, comme il est de coutume de le faire au cours de chaque\u00a0 mois de Ramadan.\u00a0\u00a0\u00a0\u00a0\u00a0\u00a0\u00a0\u00a0\u00a0\u00a0\u00a0\u00a0\u00a0<\/p>\n<p>L\u2019article <a rel=\"nofollow\" href=\"http:\/\/albayane.press.ma\/hausse-des-prix-le-pps-exprime-son-etonnement-face-au-mutisme-du-gouvernement.html\">Hausse des prix : le PPS exprime son \u00e9tonnement face au mutisme du gouvernement<\/a> est apparu en premier sur <a rel=\"nofollow\" href=\"http:\/\/albayane.press.ma\/\">ALBAYANE<\/a>.<\/p>\n<\/div>\n<p>Auteur: M&rsquo;hammed rahal<br \/>\n<a href=\"http:\/\/albayane.press.ma\/hausse-des-prix-le-pps-exprime-son-etonnement-face-au-mutisme-du-gouvernement.html\">Cliquez ici pour lire l&rsquo;article depuis sa source.<\/a><\/p>\n","protected":false},"excerpt":{"rendered":"<p>Communiqu\u00e9 du bureau politique Le bureau politique du Parti du Progr\u00e8s et du Socialisme a consacr\u00e9 la plus grande partie de sa r\u00e9union p\u00e9riodique du mardi 5 avril 2022 \u00e0 l\u2019examen de la flamb\u00e9e vertigineuse et sans pr\u00e9c\u00e9dent des prix des carburants et de la hausse des prix de la plupart des produits de consommation [&hellip;]<\/p>\n","protected":false},"author":1760,"featured_media":0,"comment_status":"closed","ping_status":"closed","sticky":false,"template":"","format":"standard","meta":{"fifu_image_url":"","fifu_image_alt":"","footnotes":""},"categories":[73,54],"tags":[],"class_list":["post-144932","post","type-post","status-publish","format-standard","hentry","category-actualite","category-maroc"],"_links":{"self":[{"href":"https:\/\/linitiative.ca\/International\/wp-json\/wp\/v2\/posts\/144932","targetHints":{"allow":["GET"]}}],"collection":[{"href":"https:\/\/linitiative.ca\/International\/wp-json\/wp\/v2\/posts"}],"about":[{"href":"https:\/\/linitiative.ca\/International\/wp-json\/wp\/v2\/types\/post"}],"author":[{"embeddable":true,"href":"https:\/\/linitiative.ca\/International\/wp-json\/wp\/v2\/users\/1760"}],"replies":[{"embeddable":true,"href":"https:\/\/linitiative.ca\/International\/wp-json\/wp\/v2\/comments?post=144932"}],"version-history":[{"count":0,"href":"https:\/\/linitiative.ca\/International\/wp-json\/wp\/v2\/posts\/144932\/revisions"}],"wp:attachment":[{"href":"https:\/\/linitiative.ca\/International\/wp-json\/wp\/v2\/media?parent=144932"}],"wp:term":[{"taxonomy":"category","embeddable":true,"href":"https:\/\/linitiative.ca\/International\/wp-json\/wp\/v2\/categories?post=144932"},{"taxonomy":"post_tag","embeddable":true,"href":"https:\/\/linitiative.ca\/International\/wp-json\/wp\/v2\/tags?post=144932"}],"curies":[{"name":"wp","href":"https:\/\/api.w.org\/{rel}","templated":true}]}}