{"id":144933,"date":"2022-04-06T14:00:00","date_gmt":"2022-04-06T18:00:00","guid":{"rendered":"https:\/\/linitiative.ca\/International\/bienvenue-monsieur-pedro-sanchez\/"},"modified":"2022-04-06T14:00:00","modified_gmt":"2022-04-06T18:00:00","slug":"bienvenue-monsieur-pedro-sanchez","status":"publish","type":"post","link":"https:\/\/linitiative.ca\/International\/bienvenue-monsieur-pedro-sanchez\/","title":{"rendered":"Bienvenue Monsieur Pedro Sanchez"},"content":{"rendered":"<div>\n<p class=\"has-black-color has-text-color\"><strong>Bienvenue \u00e0 Monsieur Pedro Sanchez, Chef du gouvernement espagnol dont la visite marque la consolidation des bonnes relations entre les deux royaumes.<\/strong><\/p>\n<p class=\"has-black-color has-text-color\">L\u2019Espagne, dans sa transition d\u00e9mocratique, n\u2019avait pas rompue avec son pass\u00e9 de puissance colonisatrice. Pr\u00e9occup\u00e9e par la sortie du franquisme et la recherche du consensus pour \u00e9viter les d\u00e9rapages de ses nostalgiques, l\u2019Espagne assurait beaucoup plus qu\u2019elle n\u2019assumait les \u00e9volutions que connaissait la r\u00e9gion, particuli\u00e8rement celles que connaissait le Royaume du Maroc dans la pr\u00e9servation de son int\u00e9grit\u00e9 territoriale, son processus d\u00e9mocratique et sa transformation sociale.<\/p>\n<p class=\"has-black-color has-text-color\">Pays voisin avec lequel le Maroc partage beaucoup d\u2019\u00e9v\u00e9nements, l\u2019Espagne s\u2019est d\u00e9tach\u00e9e de cette proximit\u00e9 en regardant vers l\u2019Union Europ\u00e9enne. Mue par ses int\u00e9r\u00eats, elles\u2019essayait \u00e0 l\u2019interm\u00e9diation avec cet ensemble dont elle faisait partie et le Maroc, un partenaire qui b\u00e9n\u00e9ficiait d\u2019un statut avanc\u00e9 dans le cadre d\u2019une collaboration strat\u00e9gique, \u00e9troite et solide, mais qui n\u2019\u00e9tait pas exempte de concurrences, de rivalit\u00e9s et de conflits.<\/p>\n<p class=\"has-black-color has-text-color\">Les \u00ab\u00a0r\u00e9sidus \u00e9quivoques d\u2019un pass\u00e9 et d\u2019un pr\u00e9sent conflictuels\u00a0\u00bb constituaient au sein des deux soci\u00e9t\u00e9s un handicap majeur \u00e0 la promotion et \u00e0 la stabilit\u00e9 de relations privil\u00e9gi\u00e9es et b\u00e9n\u00e9fiques pour les deux royaumes. Toutefois, malgr\u00e9 de nombreux blocages, l\u2019Espagne est arriv\u00e9e \u00e0 se positionner dans l\u2019\u00e9conomie nationale marocaine\u00a0; sans que sa soci\u00e9t\u00e9 civile ne se d\u00e9barrasse de ses pr\u00e9jug\u00e9s et des st\u00e9r\u00e9otypes qui l\u2019animaient \u00e0 l\u2019encontre du Royaume du Maroc et de sa population.<\/p>\n<p class=\"has-black-color has-text-color\">Ainsi, un activisme anti-marocain s\u2019est d\u00e9velopp\u00e9 ausein de la soci\u00e9t\u00e9 espagnole. Anim\u00e9 par des m\u00e9dias et une id\u00e9ologie d\u00e9pass\u00e9e o\u00f9 se retrouvaient tous ceux qui vouaient une haine aux marocains et au Maroc\u00a0;il s\u2019accentuait au moment m\u00eame o\u00f9 les relations bilat\u00e9rales entre les deux Etats se d\u00e9veloppaient par un accroissement des \u00e9changes commerciaux et une pr\u00e9sence culturelle espagnole de plus en plus importante au Maroc.<\/p>\n<p class=\"has-black-color has-text-color\">Par ailleurs, dans son hyst\u00e9rie sans mesures, le fr\u00e8re ennemi oriental du Maroc soufflait dans les braises, en crachant ses p\u00e9trodollars, chaque fois que l\u2019occasion se pr\u00e9sentait.<\/p>\n<p class=\"has-black-color has-text-color\">C\u2019est la crise sanitaire du covid-19 qui va d\u00e9flagrer la situation. En avril 2021, le gouvernement espagnol du moment, pr\u00e9sid\u00e9 par Monsieur Pedro Sanchez, apr\u00e8s un appel de l\u2019Alg\u00e9rie,va se comporter en v\u00e9ritable ennemi envers le Royaume du Maroc en provoquant une crise dont \u00ab\u00a0<em>les causes profondes et la responsabilit\u00e9 av\u00e9r\u00e9e de l\u2019Espagne dans son d\u00e9clenchement\u00a0\u00bb sont clam\u00e9es par la justice espagnole.D\u00e8s lors, les relations entre les deux royaumes riverains du D\u00e9troit de Gibraltar vont se d\u00e9grader plus que sensiblement.<\/em><\/p>\n<p class=\"has-black-color has-text-color\"><em>Cette crise diplomatique s\u00e9v\u00e8re va permettre \u00e0 l\u2019Espagne de se d\u00e9terminer clairement. C\u2019est ce qui se fera par le biais d\u2019un message <\/em>\u00e0 Sa Majest\u00e9 le Roi Mohammed VIde M. Sanchez dans lequel il a soulign\u00e9 que \u00ab\u00a0L\u2019Espagne consid\u00e8re l\u2019initiative marocaine d\u2019autonomie comme la base la plus s\u00e9rieuse, r\u00e9aliste et cr\u00e9dible pour la r\u00e9solution du diff\u00e9rend\u00a0\u00bb au sujet du Sahara Marocain.<\/p>\n<p class=\"has-black-color has-text-color\">Devant le parlement espagnol,le chef de l\u2019ex\u00e9cutif espagnol a d\u00e9fendu l\u2019importance qu\u2019il accorde aux bonnes relations avec le Royaume du Maroc et la n\u00e9cessit\u00e9 pour l\u2019Espagne de construire une nouvelle relation avec le Maroc, bas\u00e9e sur la transparence, la communication permanente et le respect mutuel.<\/p>\n<p class=\"has-black-color has-text-color\">La visite de Monsieur Pedro Sanchez, ce jeudi, \u00e0 Rabat s\u2019inscrit dans cette clarification et dans la volont\u00e9 d\u2019\u00e9difier, sur des bases nouvelles, un partenariat privil\u00e9gi\u00e9 et instaurer un bon voisinage eu \u00e9gard \u00e0 la proximit\u00e9 g\u00e9ographique des deux pays, aux consid\u00e9rations g\u00e9ostrat\u00e9giques, \u00e0 l\u2019histoire commune et aux int\u00e9r\u00eats \u00e9conomiques partag\u00e9s et interd\u00e9pendants,<\/p>\n<p class=\"has-black-color has-text-color\">Le D\u00e9troit de Gibraltar qui s\u00e9pare nos deux continents m\u00e9rite bien une liaison fixe qui rapprochera encore nos deux pays. Notre connaissance de la Mer d\u2019Alboran, du Golfe ib\u00e9ro-marocain et des espaces qui lui sont adjacents nous permettra de s\u2019enrichir mutuellement par l\u2019exploitation rationnelle des ressources vivantes et des ressources non-vivantes qu\u2019ils rec\u00e8lent. Des \u00e9changes culturels assidus et profonds permettront de lever l\u2019\u00e9quivoque et de dissiper les malentendus entre nos deux soci\u00e9t\u00e9s. Une confiance mutuelle acquise par le dialogue permanent, la transparence et le respect des engagements consolidera l\u2019amiti\u00e9, le bon voisinage et la coop\u00e9ration entre les deux royaumes.<\/p>\n<p class=\"has-black-color has-text-color\">Bienvenue Monsieur Pedro Sanchez et que vive l\u2019amiti\u00e9 entre le Royaume du Maroc et le Royaume d\u2019Espagne.<\/p>\n<p>L\u2019article <a rel=\"nofollow\" href=\"http:\/\/albayane.press.ma\/bienvenue-monsieur-pedro-sanchez.html\">Bienvenue Monsieur Pedro Sanchez<\/a> est apparu en premier sur <a rel=\"nofollow\" href=\"http:\/\/albayane.press.ma\/\">ALBAYANE<\/a>.<\/p>\n<\/div>\n<p>Auteur: M&rsquo;hammed rahal<br \/>\n<a href=\"http:\/\/albayane.press.ma\/bienvenue-monsieur-pedro-sanchez.html\">Cliquez ici pour lire l&rsquo;article depuis sa source.<\/a><\/p>\n","protected":false},"excerpt":{"rendered":"<p>Bienvenue \u00e0 Monsieur Pedro Sanchez, Chef du gouvernement espagnol dont la visite marque la consolidation des bonnes relations entre les deux royaumes. L\u2019Espagne, dans sa transition d\u00e9mocratique, n\u2019avait pas rompue avec son pass\u00e9 de puissance colonisatrice. Pr\u00e9occup\u00e9e par la sortie du franquisme et la recherche du consensus pour \u00e9viter les d\u00e9rapages de ses nostalgiques, l\u2019Espagne [&hellip;]<\/p>\n","protected":false},"author":1760,"featured_media":0,"comment_status":"closed","ping_status":"closed","sticky":false,"template":"","format":"standard","meta":{"fifu_image_url":"","fifu_image_alt":"","footnotes":""},"categories":[73,54],"tags":[],"class_list":["post-144933","post","type-post","status-publish","format-standard","hentry","category-actualite","category-maroc"],"_links":{"self":[{"href":"https:\/\/linitiative.ca\/International\/wp-json\/wp\/v2\/posts\/144933","targetHints":{"allow":["GET"]}}],"collection":[{"href":"https:\/\/linitiative.ca\/International\/wp-json\/wp\/v2\/posts"}],"about":[{"href":"https:\/\/linitiative.ca\/International\/wp-json\/wp\/v2\/types\/post"}],"author":[{"embeddable":true,"href":"https:\/\/linitiative.ca\/International\/wp-json\/wp\/v2\/users\/1760"}],"replies":[{"embeddable":true,"href":"https:\/\/linitiative.ca\/International\/wp-json\/wp\/v2\/comments?post=144933"}],"version-history":[{"count":0,"href":"https:\/\/linitiative.ca\/International\/wp-json\/wp\/v2\/posts\/144933\/revisions"}],"wp:attachment":[{"href":"https:\/\/linitiative.ca\/International\/wp-json\/wp\/v2\/media?parent=144933"}],"wp:term":[{"taxonomy":"category","embeddable":true,"href":"https:\/\/linitiative.ca\/International\/wp-json\/wp\/v2\/categories?post=144933"},{"taxonomy":"post_tag","embeddable":true,"href":"https:\/\/linitiative.ca\/International\/wp-json\/wp\/v2\/tags?post=144933"}],"curies":[{"name":"wp","href":"https:\/\/api.w.org\/{rel}","templated":true}]}}