{"id":144934,"date":"2022-04-06T14:00:00","date_gmt":"2022-04-06T18:00:00","guid":{"rendered":"https:\/\/linitiative.ca\/International\/impulser-un-nouvel-entrain\/"},"modified":"2022-04-06T14:00:00","modified_gmt":"2022-04-06T18:00:00","slug":"impulser-un-nouvel-entrain","status":"publish","type":"post","link":"https:\/\/linitiative.ca\/International\/impulser-un-nouvel-entrain\/","title":{"rendered":"Impulser un nouvel entrain !"},"content":{"rendered":"<div>\n<p class=\"has-black-color has-text-color\"><strong>\u00ab Les prol\u00e9taires n\u2019ont rien \u00e0 perdre que leurs cha\u00eenes. Ils ont tout l\u2019univers \u00e0 gagner ! \u00bb, disait un jour, Karl Marx, au c\u0153ur de l\u2019exploitation qui s\u00e9vissait, \u00e0 l\u2019\u00e9poque. De nos jours, rien n\u2019emp\u00eache d\u2019\u00e9largir le concept de \u00ab prol\u00e9taire \u00bb, terminologie sp\u00e9cifique \u00e0 la taxinomie marxiste, \u00e0 un terme encore plus large et courant qui renfermerait d\u2019autres couches sociales d\u00e9munies, commun\u00e9ment appel\u00e9es\u00a0: \u00ab petit peuple \u00bb. La crise rudement aggrav\u00e9e par la flamb\u00e9e des prix de denr\u00e9es alimentaires et la hausse supersonique des tarifs \u00e0 la pompe, que traverse actuellement notre pays n\u2019est pas fatale, il est vrai, mais alarmante. Elle touche la majeure partie de la soci\u00e9t\u00e9, y compris la petite et moyenne souche sociale. Seule une minorit\u00e9 bien \u00e9triqu\u00e9e s\u2019accapare la quasi-totalit\u00e9 des richesses de la Nation\u00a0!<\/strong><\/p>\n<p class=\"has-black-color has-text-color\">En fait, la disparit\u00e9 est au paroxysme. Elle affecte particuli\u00e8rement des jeunes frapp\u00e9s par le ch\u00f4mage et le d\u00e9sespoir, s\u2019aggrave au sein des foyers abattus par la mis\u00e8re et le d\u00e9nuement, s\u2019accentue dans le milieu rural, sous la merci de l\u2019aust\u00e9rit\u00e9 de la nature\u2026Face \u00e0 cette d\u00e9chirure end\u00e9mique, l\u2019Ex\u00e9cutif, amorphe et atone, est aux abonn\u00e9s absents, c\u00e8de \u00e0 ses insuffisances en d\u00e9pit de son effectif pharamineux et tend \u00e0 capituler dans le chaos\u2026 Un parcours p\u00e9rilleux d\u2019un pays qu\u2019on croyait engag\u00e9 dans le processus de l\u2019\u00e9mergence. A cette cadence plut\u00f4t caduque, o\u00f9 s\u2019achemine cette nonchalance assassine, serait-on contraint de s\u2019interroger dans la tourmente. La d\u00e9mission plus que aga\u00e7ante, suscite malaise et d\u00e9sarroi.<\/p>\n<p class=\"has-black-color has-text-color\">Les partis politiques\u00a0 et les syndicats, plus que jamais d\u00e9missionnaires dans leur globalit\u00e9, \u00e9garent beaucoup de leur notori\u00e9t\u00e9 et leur rep\u00e8re, en particulier ceux qui d\u00e9tenaient et les valeurs de la d\u00e9mocratie et du progr\u00e8s, lors des ann\u00e9es de gloire, alors que ceux de la \u00ab Maison \u00bb, on n\u2019en parle m\u00eame pas ! Les diverses Institutions qu\u2019on pr\u00e9tend mettre en place pour r\u00e9pondre aux exigences de l\u2019essor, s\u2019av\u00e8rent dysfonctionnelles, inertes et ne sont, en fait, r\u00e9actives qu\u2019au bon vouloir des d\u00e9tenteurs des ficelles. La Constitution qu\u2019on s\u2019est attel\u00e9 \u00e0 procr\u00e9er en vue de rehausser la qualit\u00e9 de la gouvernance et optimiser le bon fonctionnement de l\u2019Etat de droit, semble vivre le m\u00eame sort que ses pr\u00e9d\u00e9cesseurs, quasiment rang\u00e9e dans les tiroirs, dans son dispositif r\u00e9ellement transitoire. \u00a0<\/p>\n<p class=\"has-black-color has-text-color\">Il y a le feu dans la baraque, dit-on, dans le jargon populaire ! Le peuple, malmen\u00e9 et \u00e9touff\u00e9 par les affres de la vie au quotidien, appelle \u00e0 la rescousse ! Il n\u2019en peut plus et n\u2019a plus que les cha\u00eenes \u00e0 perdre. Le Maroc a besoin, dans l\u2019imm\u00e9diat, d\u2019un souffle nouveau dans tous les domaines, pour \u00e9viter la d\u00e9rive. Le paysage politique national, bou\u00e9e de sauvetage et soupape de m\u00e9diation, imp\u00e9rative au redressement, est amen\u00e9 \u00e0 se lib\u00e9rer de la mainmise et se ressaisir pour de bon. En parall\u00e8le, la r\u00e9volution sociale \u00e0 laquelle aspirent les populations les plus d\u00e9sh\u00e9rit\u00e9es, et dont tout le monde est conscient, \u00e0 commencer par la plus Haute autorit\u00e9, est capitale et ne tol\u00e8re aucun atermoiement\u2026On a donc tout un univers \u00e0 gagner !?<\/p>\n<p>L\u2019article <a rel=\"nofollow\" href=\"http:\/\/albayane.press.ma\/impulser-un-nouvel-entrain.html\">Impulser un nouvel entrain !<\/a> est apparu en premier sur <a rel=\"nofollow\" href=\"http:\/\/albayane.press.ma\/\">ALBAYANE<\/a>.<\/p>\n<\/div>\n<p>Auteur: M&rsquo;hammed rahal<br \/>\n<a href=\"http:\/\/albayane.press.ma\/impulser-un-nouvel-entrain.html\">Cliquez ici pour lire l&rsquo;article depuis sa source.<\/a><\/p>\n","protected":false},"excerpt":{"rendered":"<p>\u00ab Les prol\u00e9taires n\u2019ont rien \u00e0 perdre que leurs cha\u00eenes. Ils ont tout l\u2019univers \u00e0 gagner ! \u00bb, disait un jour, Karl Marx, au c\u0153ur de l\u2019exploitation qui s\u00e9vissait, \u00e0 l\u2019\u00e9poque. De nos jours, rien n\u2019emp\u00eache d\u2019\u00e9largir le concept de \u00ab prol\u00e9taire \u00bb, terminologie sp\u00e9cifique \u00e0 la taxinomie marxiste, \u00e0 un terme encore plus large [&hellip;]<\/p>\n","protected":false},"author":1760,"featured_media":0,"comment_status":"closed","ping_status":"closed","sticky":false,"template":"","format":"standard","meta":{"fifu_image_url":"","fifu_image_alt":"","footnotes":""},"categories":[73,54],"tags":[],"class_list":["post-144934","post","type-post","status-publish","format-standard","hentry","category-actualite","category-maroc"],"_links":{"self":[{"href":"https:\/\/linitiative.ca\/International\/wp-json\/wp\/v2\/posts\/144934","targetHints":{"allow":["GET"]}}],"collection":[{"href":"https:\/\/linitiative.ca\/International\/wp-json\/wp\/v2\/posts"}],"about":[{"href":"https:\/\/linitiative.ca\/International\/wp-json\/wp\/v2\/types\/post"}],"author":[{"embeddable":true,"href":"https:\/\/linitiative.ca\/International\/wp-json\/wp\/v2\/users\/1760"}],"replies":[{"embeddable":true,"href":"https:\/\/linitiative.ca\/International\/wp-json\/wp\/v2\/comments?post=144934"}],"version-history":[{"count":0,"href":"https:\/\/linitiative.ca\/International\/wp-json\/wp\/v2\/posts\/144934\/revisions"}],"wp:attachment":[{"href":"https:\/\/linitiative.ca\/International\/wp-json\/wp\/v2\/media?parent=144934"}],"wp:term":[{"taxonomy":"category","embeddable":true,"href":"https:\/\/linitiative.ca\/International\/wp-json\/wp\/v2\/categories?post=144934"},{"taxonomy":"post_tag","embeddable":true,"href":"https:\/\/linitiative.ca\/International\/wp-json\/wp\/v2\/tags?post=144934"}],"curies":[{"name":"wp","href":"https:\/\/api.w.org\/{rel}","templated":true}]}}