{"id":144935,"date":"2022-04-07T07:46:33","date_gmt":"2022-04-07T11:46:33","guid":{"rendered":"https:\/\/linitiative.ca\/International\/previsions-meteorologiques-pour-le-vendredi-08-avril\/"},"modified":"2022-04-07T07:46:33","modified_gmt":"2022-04-07T11:46:33","slug":"previsions-meteorologiques-pour-le-vendredi-08-avril","status":"publish","type":"post","link":"https:\/\/linitiative.ca\/International\/previsions-meteorologiques-pour-le-vendredi-08-avril\/","title":{"rendered":"Pr\u00e9visions m\u00e9t\u00e9orologiques pour le vendredi 08 avril"},"content":{"rendered":"<div>\n<div style=\"margin-bottom:20px;\"><img loading=\"lazy\" decoding=\"async\" width=\"750\" height=\"430\" src=\"https:\/\/linitiative.ca\/International\/wp-content\/uploads\/sites\/23\/2022\/04\/nuages.jpg\" class=\"attachment-post-thumbnail size-post-thumbnail wp-post-image\" alt=\"\" srcset=\"https:\/\/linitiative.ca\/International\/wp-content\/uploads\/sites\/23\/2022\/04\/nuages.jpg 750w, https:\/\/www.mapmarrakech.ma\/map\/uploads\/2022\/04\/nuages-300x172.jpg 300w\" sizes=\"auto, (max-width: 750px) 100vw, 750px\"><\/div>\n<p>\u2013 Formations brumeuses par endroits sur les plaines Nord et Centre, Oulm\u00e8s, les plateaux de Phosphates et le Saiss.<\/p>\n<p>\u2013 Temps stable et largement ensoleille le jour.<\/p>\n<p>\u2013 Temps toujours assez froid sur l\u2019Atlas et le Rif.<\/p>\n<p>\u2013 Vent mod\u00e9r\u00e9 de nord sur les c\u00f4tes Centre et Sud.<\/p>\n<p>\u2013 Temp\u00e9ratures minimales de l\u2019ordre de -02\/05\u00b0C sur l\u2019Atlas et le Rif, de 05\/10\u00b0C sur l\u2019Oriental et les plateaux de Phosphates, de 08\/12\u00b0C sur la M\u00e9diterran\u00e9e, le Nord, le Centre, les versants Sud-Est et le Souss et de 11\/18\u00b0C sur le Sud.<\/p>\n<p>\u2013 Temp\u00e9ratures du jour en hausse.<\/p>\n<p>\u2013 Mer peu agit\u00e9e sur la M\u00e9diterran\u00e9e, le D\u00e9troit et le littoral atlantique.<\/p>\n<p>The post <a rel=\"nofollow\" href=\"https:\/\/www.mapmarrakech.ma\/fr\/previsions-meteorologiques-pour-le-vendredi-08-avril\/\">Pr\u00e9visions m\u00e9t\u00e9orologiques pour le vendredi 08 avril<\/a> appeared first on <a rel=\"nofollow\" href=\"https:\/\/www.mapmarrakech.ma\/fr\">MapMarrakech<\/a>.<\/p>\n<\/div>\n<p>Auteur: Meriem IGASS<br \/>\n<a href=\"https:\/\/www.mapmarrakech.ma\/fr\/previsions-meteorologiques-pour-le-vendredi-08-avril\/\">Cliquez ici pour lire l&rsquo;article depuis sa source.<\/a><\/p>\n","protected":false},"excerpt":{"rendered":"<p>\u2013 Formations brumeuses par endroits sur les plaines Nord et Centre, Oulm\u00e8s, les plateaux de Phosphates et le Saiss. \u2013 Temps stable et largement ensoleille le jour. \u2013 Temps toujours assez froid sur l\u2019Atlas et le Rif. \u2013 Vent mod\u00e9r\u00e9 de nord sur les c\u00f4tes Centre et Sud. \u2013 Temp\u00e9ratures minimales de l\u2019ordre de -02\/05\u00b0C [&hellip;]<\/p>\n","protected":false},"author":1788,"featured_media":0,"comment_status":"closed","ping_status":"closed","sticky":false,"template":"","format":"standard","meta":{"fifu_image_url":"https:\/\/www.mapmarrakech.ma\/map\/uploads\/2022\/04\/nuages.jpg","fifu_image_alt":"Pr\u00e9visions m\u00e9t\u00e9orologiques pour le vendredi 08 avril","footnotes":""},"categories":[54,76],"tags":[],"class_list":["post-144935","post","type-post","status-publish","format-standard","hentry","category-maroc","category-regions"],"_links":{"self":[{"href":"https:\/\/linitiative.ca\/International\/wp-json\/wp\/v2\/posts\/144935","targetHints":{"allow":["GET"]}}],"collection":[{"href":"https:\/\/linitiative.ca\/International\/wp-json\/wp\/v2\/posts"}],"about":[{"href":"https:\/\/linitiative.ca\/International\/wp-json\/wp\/v2\/types\/post"}],"author":[{"embeddable":true,"href":"https:\/\/linitiative.ca\/International\/wp-json\/wp\/v2\/users\/1788"}],"replies":[{"embeddable":true,"href":"https:\/\/linitiative.ca\/International\/wp-json\/wp\/v2\/comments?post=144935"}],"version-history":[{"count":0,"href":"https:\/\/linitiative.ca\/International\/wp-json\/wp\/v2\/posts\/144935\/revisions"}],"wp:attachment":[{"href":"https:\/\/linitiative.ca\/International\/wp-json\/wp\/v2\/media?parent=144935"}],"wp:term":[{"taxonomy":"category","embeddable":true,"href":"https:\/\/linitiative.ca\/International\/wp-json\/wp\/v2\/categories?post=144935"},{"taxonomy":"post_tag","embeddable":true,"href":"https:\/\/linitiative.ca\/International\/wp-json\/wp\/v2\/tags?post=144935"}],"curies":[{"name":"wp","href":"https:\/\/api.w.org\/{rel}","templated":true}]}}