{"id":144941,"date":"2022-04-06T17:46:18","date_gmt":"2022-04-06T21:46:18","guid":{"rendered":"https:\/\/linitiative.ca\/International\/150-mdh-pour-plus-de-1-000-etablissements-de-protection-sociale-en-2022\/"},"modified":"2022-04-06T17:46:18","modified_gmt":"2022-04-06T21:46:18","slug":"150-mdh-pour-plus-de-1-000-etablissements-de-protection-sociale-en-2022","status":"publish","type":"post","link":"https:\/\/linitiative.ca\/International\/150-mdh-pour-plus-de-1-000-etablissements-de-protection-sociale-en-2022\/","title":{"rendered":"150 MDH pour plus de 1.000 \u00e9tablissements de protection sociale en 2022"},"content":{"rendered":"<div>\n<div style=\"margin-bottom:20px;\"><img loading=\"lazy\" decoding=\"async\" width=\"750\" height=\"430\" src=\"https:\/\/linitiative.ca\/International\/wp-content\/uploads\/sites\/23\/2022\/04\/La-ministre-Aouatif-Hayar-750C397430-MAP.jpg\" class=\"attachment-post-thumbnail size-post-thumbnail wp-post-image\" alt=\"\" srcset=\"https:\/\/linitiative.ca\/International\/wp-content\/uploads\/sites\/23\/2022\/04\/La-ministre-Aouatif-Hayar-750C397430-MAP.jpg 750w, https:\/\/www.mapoujda.ma\/map\/uploads\/2022\/04\/La-ministre-Aouatif-Hayar-750\u00d7430-MAP-300x172.jpg 300w\" sizes=\"auto, (max-width: 750px) 100vw, 750px\"><\/div>\n<p style=\"text-align: justify;\">Un montant de 150 millions DH a \u00e9t\u00e9 consacr\u00e9 au soutien \u00e0 1.075 \u00e9tablissements de protection sociale au profit de 100.568 b\u00e9n\u00e9ficiaires, au titre de l\u2019ann\u00e9e 20222, a indiqu\u00e9, mercredi, la ministre de la Solidarit\u00e9, de l\u2019Insertion sociale et de la Famille, Aouatif Hayar.<\/p>\n<p style=\"text-align: justify;\">\u00ab\u00a0Les maisons des \u00e9tudiants (dar attalib) et des \u00e9tudiantes b\u00e9n\u00e9ficieront \u00e0 hauteur de 63 pc de ce soutien\u00a0\u00bb, a pr\u00e9cis\u00e9 la ministre qui pr\u00e9sentait un expos\u00e9 sur la \u00ab\u00a0situation des \u00e9tablissements de protection sociale\u00a0\u00bb, devant la commission des secteurs sociaux \u00e0 la Chambre des repr\u00e9sentants.<\/p>\n<p style=\"text-align: justify;\">Mme Hayar a soulign\u00e9 que son d\u00e9partement s\u2019est fix\u00e9 un nouvel objectif consistant en la formation de 10.000 assistantes et assistants sociaux \u00e0 l\u2019horizon 2030, dans le cadre d\u2019un partenariat avec le minist\u00e8re de l\u2019Enseignement sup\u00e9rieur, de la Recherche scientifique et de l\u2019Innovation.<\/p>\n<p style=\"text-align: justify;\">Le total des assistants sociaux exer\u00e7ant dans les diff\u00e9rents types des \u00e9tablissements de protection sociale relevant de l\u2019Entraide nationale d\u00e9passe les 12.000 et englobe, entre autres, les assistants sociaux op\u00e9rant directement aupr\u00e8s des enfants.<\/p>\n<p style=\"text-align: justify;\">Mme Hayar s\u2019est ensuite arr\u00eat\u00e9e sur les probl\u00e9matiques li\u00e9es aux r\u00f4les confi\u00e9s \u00e0 l\u2019assistant social au sein du syst\u00e8me des \u00e9tablissements de protection sociale, citant, \u00e0 titre d\u2019exemple, le manque de sp\u00e9cialisation, le degr\u00e9 de comp\u00e9tence des assistants en milieu rural, la carence du volet pratique dans le cycle de formation, l\u2019absence d\u2019un syst\u00e8me de valorisation des acquis, la modicit\u00e9 des indemnit\u00e9s et gratifications outre les conditions de travail qui ne s\u00e9duisent pas les ressources humaines et compliquent leur r\u00e9tention.<\/p>\n<p style=\"text-align: justify;\">La ministre a not\u00e9 que les \u00e9tudes r\u00e9alis\u00e9es par le D\u00e9partement de la Solidarit\u00e9, de l\u2019Insertion sociale et de la Famille ont fait ressortir plusieurs contraintes li\u00e9es au fait que 90 pc des assistants sociaux sont actifs au niveau des associations, notamment celles en charge de la gestion des \u00e9tablissements de protection sociale, o\u00f9 le probl\u00e8me d\u2019encadrement, apr\u00e8s celui du financement, leur donne du fil \u00e0 retordre.<\/p>\n<p style=\"text-align: justify;\">Pour remettre la situation d\u2019aplomb, a-t-elle ajout\u00e9, le minist\u00e8re a lanc\u00e9, moyennant la strat\u00e9gie du p\u00f4le social 2021-2026, une s\u00e9rie de chantiers ayant trait \u00e0 la g\u00e9n\u00e9ralisation de la protection sociale dans le cadre du chantier Royal, \u00e0 la mise en \u0153uvre des lois sp\u00e9cifiques aux \u00e9tablissements de protection sociale et aux assistants sociaux, \u00e0 la promotion de la qualit\u00e9 de la prise en charge au sein desdits \u00e9tablissements, \u00e0 la num\u00e9risation pour am\u00e9liorer l\u2019offre et l\u2019acc\u00e8s aux services et, enfin, \u00e0 l\u2019optimisation du fonctionnement de l\u2019Institut National de l\u2019Action Sociale.<\/p>\n<p style=\"text-align: justify;\">Elle a, \u00e0 ce propos, insist\u00e9 que l\u2019am\u00e9lioration des conditions des assistants sociaux aux plans professionnel et institutionnel est une condition sine qua non pour la mise en application des multiples politiques et programmes de d\u00e9veloppement qui visent la promotion des droits des cat\u00e9gories sociales.<\/p>\n<p style=\"text-align: justify;\">Dans une intervention \u00e0 cette occasion, le groupe socialiste a soulign\u00e9 l\u2019imp\u00e9ratif d\u2019\u00e9largir la base des centres de protection sociale des personnes \u00e2g\u00e9es et de h\u00e2ter l\u2019activation du \u00ab\u00a0revenu de la dignit\u00e9\u00a0\u00bb, engagement ant\u00e9rieur du gouvernement.<\/p>\n<p style=\"text-align: justify;\">Le groupe a aussi plaid\u00e9 pour des solutions pratiques \u00e0 m\u00eame de garantir la bonne gestion des \u00e9tablissements de protection sociale afin d\u2019en faire un service principal dont l\u2019\u00c9tat garantit et coiffe la supervision directe.<\/p>\n<p style=\"text-align: justify;\">De son c\u00f4t\u00e9, le groupe Authenticit\u00e9 et Modernit\u00e9 a mis l\u2019accent sur le r\u00f4le social axial que remplissent les \u00e9tablissements de protection sociale, tous types confondus, dans la prise en charge et l\u2019\u00e9ducation des enfants abandonn\u00e9s ou \u00e0 travers l\u2019accompagnement, la scolarisation et l\u2019h\u00e9bergement offerts notamment dans le monde rural et les zones recul\u00e9es, en plus de l\u2019assistance assur\u00e9e au profit des personnes \u00e2g\u00e9es, des femmes et des personnes en situation de handicap.<\/p>\n<p style=\"text-align: justify;\">Le groupe a \u00e9voqu\u00e9 certaines probl\u00e9matiques qui entravent l\u2019action des \u00e9tablissements de protection sociale, dont la saturation de plusieurs d\u2019entre eux, le d\u00e9faut de revenu stable et durable, le faible appui des collectivit\u00e9s territoriales et l\u2019opacit\u00e9 des crit\u00e8res d\u2019octroi de soutien aux \u00e9tablissements se trouvant dans leurs territoires respectifs, outre le retard accus\u00e9 dans la promulgation des d\u00e9crets d\u2019application de la loi 65.15 r\u00e9glementant les \u00e9tablissements de protection sociale.<\/p>\n<p>L\u2019article <a rel=\"nofollow\" href=\"https:\/\/www.mapoujda.ma\/fr\/150-mdh-pour-plus-de-1-000-etablissements-de-protection-sociale-en-2022\/\">150 MDH pour plus de 1.000 \u00e9tablissements de protection sociale en 2022<\/a> est apparu en premier sur <a rel=\"nofollow\" href=\"https:\/\/www.mapoujda.ma\/fr\">MapOujda<\/a>.<\/p>\n<\/div>\n<p>Auteur: Soufiane ELAHMAR<br \/>\n<a href=\"https:\/\/www.mapoujda.ma\/fr\/150-mdh-pour-plus-de-1-000-etablissements-de-protection-sociale-en-2022\/\">Cliquez ici pour lire l&rsquo;article depuis sa source.<\/a><\/p>\n","protected":false},"excerpt":{"rendered":"<p>Un montant de 150 millions DH a \u00e9t\u00e9 consacr\u00e9 au soutien \u00e0 1.075 \u00e9tablissements de protection sociale au profit de 100.568 b\u00e9n\u00e9ficiaires, au titre de l\u2019ann\u00e9e 20222, a indiqu\u00e9, mercredi, la ministre de la Solidarit\u00e9, de l\u2019Insertion sociale et de la Famille, Aouatif Hayar. \u00ab\u00a0Les maisons des \u00e9tudiants (dar attalib) et des \u00e9tudiantes b\u00e9n\u00e9ficieront \u00e0 [&hellip;]<\/p>\n","protected":false},"author":1788,"featured_media":0,"comment_status":"closed","ping_status":"closed","sticky":false,"template":"","format":"standard","meta":{"fifu_image_url":"https:\/\/www.mapoujda.ma\/map\/uploads\/2022\/04\/La-ministre-Aouatif-Hayar-750\u00d7430-MAP.jpg","fifu_image_alt":"150 MDH pour plus de 1.000 \u00e9tablissements de protection sociale en 2022","footnotes":""},"categories":[54,76],"tags":[],"class_list":["post-144941","post","type-post","status-publish","format-standard","hentry","category-maroc","category-regions"],"_links":{"self":[{"href":"https:\/\/linitiative.ca\/International\/wp-json\/wp\/v2\/posts\/144941","targetHints":{"allow":["GET"]}}],"collection":[{"href":"https:\/\/linitiative.ca\/International\/wp-json\/wp\/v2\/posts"}],"about":[{"href":"https:\/\/linitiative.ca\/International\/wp-json\/wp\/v2\/types\/post"}],"author":[{"embeddable":true,"href":"https:\/\/linitiative.ca\/International\/wp-json\/wp\/v2\/users\/1788"}],"replies":[{"embeddable":true,"href":"https:\/\/linitiative.ca\/International\/wp-json\/wp\/v2\/comments?post=144941"}],"version-history":[{"count":0,"href":"https:\/\/linitiative.ca\/International\/wp-json\/wp\/v2\/posts\/144941\/revisions"}],"wp:attachment":[{"href":"https:\/\/linitiative.ca\/International\/wp-json\/wp\/v2\/media?parent=144941"}],"wp:term":[{"taxonomy":"category","embeddable":true,"href":"https:\/\/linitiative.ca\/International\/wp-json\/wp\/v2\/categories?post=144941"},{"taxonomy":"post_tag","embeddable":true,"href":"https:\/\/linitiative.ca\/International\/wp-json\/wp\/v2\/tags?post=144941"}],"curies":[{"name":"wp","href":"https:\/\/api.w.org\/{rel}","templated":true}]}}