{"id":144946,"date":"2022-04-07T12:27:42","date_gmt":"2022-04-07T16:27:42","guid":{"rendered":"https:\/\/linitiative.ca\/International\/oujda-hausse-de-09-pc-de-lipc-en-fevrier\/"},"modified":"2022-04-07T12:27:42","modified_gmt":"2022-04-07T16:27:42","slug":"oujda-hausse-de-09-pc-de-lipc-en-fevrier","status":"publish","type":"post","link":"https:\/\/linitiative.ca\/International\/oujda-hausse-de-09-pc-de-lipc-en-fevrier\/","title":{"rendered":"Oujda : Hausse de 0,9 pc de l\u2019IPC en f\u00e9vrier"},"content":{"rendered":"<div>\n<div style=\"margin-bottom:20px;\"><img loading=\"lazy\" decoding=\"async\" width=\"750\" height=\"430\" src=\"https:\/\/linitiative.ca\/International\/wp-content\/uploads\/sites\/23\/2022\/04\/La-commune-dOujda-M750C397430-MAP.jpg\" class=\"attachment-post-thumbnail size-post-thumbnail wp-post-image\" alt=\"\" srcset=\"https:\/\/linitiative.ca\/International\/wp-content\/uploads\/sites\/23\/2022\/04\/La-commune-dOujda-M750C397430-MAP.jpg 750w, https:\/\/www.mapoujda.ma\/map\/uploads\/2020\/04\/La-commune-dOujda-M750\u00d7430-MAP-300x172.jpg 300w\" sizes=\"auto, (max-width: 750px) 100vw, 750px\"><\/div>\n<div>\n<p style=\"text-align: justify;\">L\u2019indice des prix \u00e0 la consommation (IPC) a connu, au cours du mois de f\u00e9vrier 2022, une hausse de 0,9% par rapport au mois pr\u00e9c\u00e9dent.<\/p>\n<p style=\"text-align: justify;\">Cette variation est le r\u00e9sultat de la hausse de 1,6% de l\u2019indice des produits alimentaires et de 0,2% de l\u2019indice des produits non alimentaires, indique une note de la Direction r\u00e9gionale de l\u2019Oriental du Haut-commissariat au plan (HCP).<\/p>\n<p style=\"text-align: justify;\">Les hausses des prix des produits alimentaires observ\u00e9es entre janvier et f\u00e9vrier derniers concernent principalement les \u00abPoissons et fruits de mer\u00bb avec 6,9%, les \u00abL\u00e9gumes\u00bb avec 5,2%, les \u00abFruits\u00bb avec 2,3%, le \u00abPain et c\u00e9r\u00e9ales\u00bb avec 2,1%, le \u00abSucre, Confiture, Miel, Chocolat et Confiserie\u00bb avec 0,6%, la \u00abViande\u00bb avec 0,3% et le \u00ab Caf\u00e9, Th\u00e9 et Cacao\u00bb avec 0,1%.<\/p>\n<p style=\"text-align: justify;\">En revanche, les prix ont baiss\u00e9 de 1,1% pour le \u00abLait, fromage et \u0153ufs\u00bb et de 0,3% pour les \u00abEaux Min\u00e9rales, Boissons Rafraichissantes, Jus de Fruits et de L\u00e9gumes\u00bb. Pour les produits non alimentaires, les prix des \u00abCarburants\u00bb ont augment\u00e9 de 5,4%.<\/p>\n<p style=\"text-align: justify;\">Compar\u00e9 au m\u00eame mois de l\u2019ann\u00e9e pr\u00e9c\u00e9dente, l\u2019IPC a enregistr\u00e9 une hausse de 3,4% au cours du mois de f\u00e9vrier 2022, cons\u00e9quence de la hausse de l\u2019indice des produits alimentaires de 5,2% et de l\u2019indice des produits non alimentaires de 2,2%.<\/p>\n<p style=\"text-align: justify;\">La hausse des prix des produits alimentaires est due \u00e0 l\u2019augmentation des prix des \u00ab Produits alimentaires et boissons non alcoolis\u00e9es \u00bb de 5,3% et des prix des \u00ab Boissons alcoolis\u00e9es et tabac \u00bb de 3,4%. Pour les produits non alimentaires, les variations vont d\u2019une baisse de 0,1% dans la \u00abSant\u00e9\u00bb \u00e0 une hausse de 8,5% dans le \u00abTransport\u00bb.<\/p>\n<p style=\"text-align: justify;\">Quant \u00e0 l\u2019IPC des deux premiers mois de l\u2019ann\u00e9e 2022, il a connu une hausse de 3,0% par rapport \u00e0 la m\u00eame p\u00e9riode de l\u2019ann\u00e9e pr\u00e9c\u00e9dente due \u00e0 la hausse de l\u2019indice des produits alimentaires de 4,5% et de l\u2019indice des produits non alimentaires de 2,1%.<\/p>\n<\/div>\n<p>L\u2019article <a rel=\"nofollow\" href=\"https:\/\/www.mapoujda.ma\/fr\/oujda-hausse-de-09-pc-de-lipc-en-fevrier\/\">Oujda : Hausse de 0,9 pc de l\u2019IPC en f\u00e9vrier<\/a> est apparu en premier sur <a rel=\"nofollow\" href=\"https:\/\/www.mapoujda.ma\/fr\">MapOujda<\/a>.<\/p>\n<\/div>\n<p>Auteur: Soufiane ELAHMAR<br \/>\n<a href=\"https:\/\/www.mapoujda.ma\/fr\/oujda-hausse-de-09-pc-de-lipc-en-fevrier\/\">Cliquez ici pour lire l&rsquo;article depuis sa source.<\/a><\/p>\n","protected":false},"excerpt":{"rendered":"<p>L\u2019indice des prix \u00e0 la consommation (IPC) a connu, au cours du mois de f\u00e9vrier 2022, une hausse de 0,9% par rapport au mois pr\u00e9c\u00e9dent. Cette variation est le r\u00e9sultat de la hausse de 1,6% de l\u2019indice des produits alimentaires et de 0,2% de l\u2019indice des produits non alimentaires, indique une note de la Direction [&hellip;]<\/p>\n","protected":false},"author":1788,"featured_media":0,"comment_status":"closed","ping_status":"closed","sticky":false,"template":"","format":"standard","meta":{"fifu_image_url":"https:\/\/www.mapoujda.ma\/map\/uploads\/2020\/04\/La-commune-dOujda-M750\u00d7430-MAP.jpg","fifu_image_alt":"Oujda : Hausse de 0,9 pc de l\u2019IPC en f\u00e9vrier","footnotes":""},"categories":[54,76],"tags":[],"class_list":["post-144946","post","type-post","status-publish","format-standard","hentry","category-maroc","category-regions"],"_links":{"self":[{"href":"https:\/\/linitiative.ca\/International\/wp-json\/wp\/v2\/posts\/144946","targetHints":{"allow":["GET"]}}],"collection":[{"href":"https:\/\/linitiative.ca\/International\/wp-json\/wp\/v2\/posts"}],"about":[{"href":"https:\/\/linitiative.ca\/International\/wp-json\/wp\/v2\/types\/post"}],"author":[{"embeddable":true,"href":"https:\/\/linitiative.ca\/International\/wp-json\/wp\/v2\/users\/1788"}],"replies":[{"embeddable":true,"href":"https:\/\/linitiative.ca\/International\/wp-json\/wp\/v2\/comments?post=144946"}],"version-history":[{"count":0,"href":"https:\/\/linitiative.ca\/International\/wp-json\/wp\/v2\/posts\/144946\/revisions"}],"wp:attachment":[{"href":"https:\/\/linitiative.ca\/International\/wp-json\/wp\/v2\/media?parent=144946"}],"wp:term":[{"taxonomy":"category","embeddable":true,"href":"https:\/\/linitiative.ca\/International\/wp-json\/wp\/v2\/categories?post=144946"},{"taxonomy":"post_tag","embeddable":true,"href":"https:\/\/linitiative.ca\/International\/wp-json\/wp\/v2\/tags?post=144946"}],"curies":[{"name":"wp","href":"https:\/\/api.w.org\/{rel}","templated":true}]}}