{"id":144949,"date":"2022-04-07T09:53:06","date_gmt":"2022-04-07T13:53:06","guid":{"rendered":"https:\/\/linitiative.ca\/International\/5-femmes-chercheuses-primees-par-loreal-unesco\/"},"modified":"2022-04-07T09:53:06","modified_gmt":"2022-04-07T13:53:06","slug":"5-femmes-chercheuses-primees-par-loreal-unesco","status":"publish","type":"post","link":"https:\/\/linitiative.ca\/International\/5-femmes-chercheuses-primees-par-loreal-unesco\/","title":{"rendered":"5 femmes chercheuses prim\u00e9es par L\u2019Or\u00e9al-Unesco"},"content":{"rendered":"<div>\n<div class=\"field field-name-body field-type-text-with-summary field-label-hidden\">\n<div class=\"field-items\">\n<div class=\"field-item even\" property=\"content:encoded\">\n<p class=\"rtejustify\">L&rsquo;Or\u00e9al-Unesco vient d\u2019organiser une c\u00e9r\u00e9monie de remise de prix aux femmes scientifiques chercheuses dans le cadre du Programme \u00abJeunes Talents du Maghreb\u00bb qui vise \u00e0 encourager les jeunes femmes \u00e0 exceller dans leurs carri\u00e8res scientifiques.<\/p>\n<\/div>\n<\/div>\n<\/div>\n<\/div>\n<p>Auteur: hgueye<br \/>\n<a href=\"https:\/\/www.leconomiste.com\/flash-infos\/5-femmes-chercheuses-primees-par-l-oreal-unesco\">Cliquez ici pour lire l&rsquo;article depuis sa source.<\/a><\/p>\n","protected":false},"excerpt":{"rendered":"<p>L&rsquo;Or\u00e9al-Unesco vient d\u2019organiser une c\u00e9r\u00e9monie de remise de prix aux femmes scientifiques chercheuses dans le cadre du Programme \u00abJeunes Talents du Maghreb\u00bb qui vise \u00e0 encourager les jeunes femmes \u00e0 exceller dans leurs carri\u00e8res scientifiques. Auteur: hgueye Cliquez ici pour lire l&rsquo;article depuis sa source.<\/p>\n","protected":false},"author":1763,"featured_media":0,"comment_status":"closed","ping_status":"closed","sticky":false,"template":"","format":"standard","meta":{"fifu_image_url":"","fifu_image_alt":"","footnotes":""},"categories":[78,54],"tags":[],"class_list":["post-144949","post","type-post","status-publish","format-standard","hentry","category-economie","category-maroc"],"_links":{"self":[{"href":"https:\/\/linitiative.ca\/International\/wp-json\/wp\/v2\/posts\/144949","targetHints":{"allow":["GET"]}}],"collection":[{"href":"https:\/\/linitiative.ca\/International\/wp-json\/wp\/v2\/posts"}],"about":[{"href":"https:\/\/linitiative.ca\/International\/wp-json\/wp\/v2\/types\/post"}],"author":[{"embeddable":true,"href":"https:\/\/linitiative.ca\/International\/wp-json\/wp\/v2\/users\/1763"}],"replies":[{"embeddable":true,"href":"https:\/\/linitiative.ca\/International\/wp-json\/wp\/v2\/comments?post=144949"}],"version-history":[{"count":0,"href":"https:\/\/linitiative.ca\/International\/wp-json\/wp\/v2\/posts\/144949\/revisions"}],"wp:attachment":[{"href":"https:\/\/linitiative.ca\/International\/wp-json\/wp\/v2\/media?parent=144949"}],"wp:term":[{"taxonomy":"category","embeddable":true,"href":"https:\/\/linitiative.ca\/International\/wp-json\/wp\/v2\/categories?post=144949"},{"taxonomy":"post_tag","embeddable":true,"href":"https:\/\/linitiative.ca\/International\/wp-json\/wp\/v2\/tags?post=144949"}],"curies":[{"name":"wp","href":"https:\/\/api.w.org\/{rel}","templated":true}]}}