{"id":144950,"date":"2022-04-07T10:25:02","date_gmt":"2022-04-07T14:25:02","guid":{"rendered":"https:\/\/linitiative.ca\/International\/france-le-maroc-1er-pays-africain-en-matiere-de-creation-demplois\/"},"modified":"2022-04-07T10:25:02","modified_gmt":"2022-04-07T14:25:02","slug":"france-le-maroc-1er-pays-africain-en-matiere-de-creation-demplois","status":"publish","type":"post","link":"https:\/\/linitiative.ca\/International\/france-le-maroc-1er-pays-africain-en-matiere-de-creation-demplois\/","title":{"rendered":"France: Le Maroc, 1er pays africain en mati\u00e8re de cr\u00e9ation d\u2019emplois"},"content":{"rendered":"<div>\n<div class=\"field field-name-body field-type-text-with-summary field-label-hidden\">\n<div class=\"field-items\">\n<div class=\"field-item even\" property=\"content:encoded\">\n<p class=\"rtejustify\">Avec 259 emplois en 2021, le Maroc a \u00e9t\u00e9 le premier pays africain dans en mati\u00e8re de cr\u00e9ation d\u2019emplois en France, selon St\u00e9phane Lecoq, Directeur Afrique pour l\u2019activit\u00e9 invest de Business France. Lors d\u2019une conf\u00e9rence sur le bilan des investissements internationaux en France tenue \u00e0 Casablanca, St\u00e9phane Lecoq a indiqu\u00e9 que le Royaume est le 2e pays africain en nombre de projets derri\u00e8re la Tunisie. Le Maroc figure \u00e9galement dans le Top 20 des pays partenaires de la France, occupant, ainsi, la 17e position en termes d\u2019investissements \u00e9trangers.<\/p>\n<\/div>\n<\/div>\n<\/div>\n<\/div>\n<p>Auteur: hgueye<br \/>\n<a href=\"https:\/\/www.leconomiste.com\/flash-infos\/france-le-maroc-1er-pays-africain-en-matiere-de-creation-d-emplois\">Cliquez ici pour lire l&rsquo;article depuis sa source.<\/a><\/p>\n","protected":false},"excerpt":{"rendered":"<p>Avec 259 emplois en 2021, le Maroc a \u00e9t\u00e9 le premier pays africain dans en mati\u00e8re de cr\u00e9ation d\u2019emplois en France, selon St\u00e9phane Lecoq, Directeur Afrique pour l\u2019activit\u00e9 invest de Business France. Lors d\u2019une conf\u00e9rence sur le bilan des investissements internationaux en France tenue \u00e0 Casablanca, St\u00e9phane Lecoq a indiqu\u00e9 que le Royaume est le [&hellip;]<\/p>\n","protected":false},"author":1763,"featured_media":0,"comment_status":"closed","ping_status":"closed","sticky":false,"template":"","format":"standard","meta":{"fifu_image_url":"","fifu_image_alt":"","footnotes":""},"categories":[78,54],"tags":[],"class_list":["post-144950","post","type-post","status-publish","format-standard","hentry","category-economie","category-maroc"],"_links":{"self":[{"href":"https:\/\/linitiative.ca\/International\/wp-json\/wp\/v2\/posts\/144950","targetHints":{"allow":["GET"]}}],"collection":[{"href":"https:\/\/linitiative.ca\/International\/wp-json\/wp\/v2\/posts"}],"about":[{"href":"https:\/\/linitiative.ca\/International\/wp-json\/wp\/v2\/types\/post"}],"author":[{"embeddable":true,"href":"https:\/\/linitiative.ca\/International\/wp-json\/wp\/v2\/users\/1763"}],"replies":[{"embeddable":true,"href":"https:\/\/linitiative.ca\/International\/wp-json\/wp\/v2\/comments?post=144950"}],"version-history":[{"count":0,"href":"https:\/\/linitiative.ca\/International\/wp-json\/wp\/v2\/posts\/144950\/revisions"}],"wp:attachment":[{"href":"https:\/\/linitiative.ca\/International\/wp-json\/wp\/v2\/media?parent=144950"}],"wp:term":[{"taxonomy":"category","embeddable":true,"href":"https:\/\/linitiative.ca\/International\/wp-json\/wp\/v2\/categories?post=144950"},{"taxonomy":"post_tag","embeddable":true,"href":"https:\/\/linitiative.ca\/International\/wp-json\/wp\/v2\/tags?post=144950"}],"curies":[{"name":"wp","href":"https:\/\/api.w.org\/{rel}","templated":true}]}}