{"id":144951,"date":"2022-04-07T10:49:52","date_gmt":"2022-04-07T14:49:52","guid":{"rendered":"https:\/\/linitiative.ca\/International\/6e-edition-de-linternational-audit-meeting\/"},"modified":"2022-04-07T10:49:52","modified_gmt":"2022-04-07T14:49:52","slug":"6e-edition-de-linternational-audit-meeting","status":"publish","type":"post","link":"https:\/\/linitiative.ca\/International\/6e-edition-de-linternational-audit-meeting\/","title":{"rendered":"6e \u00e9dition de l\u2019International Audit Meeting"},"content":{"rendered":"<div>\n<div class=\"field field-name-body field-type-text-with-summary field-label-hidden\">\n<div class=\"field-items\">\n<div class=\"field-item even\" property=\"content:encoded\">\n<p class=\"rtejustify\">\u00abL\u2019audit \u00e0 l\u2019aune de l\u2019agilit\u00e9 organisationnelle et relationnelle\u00bb, c\u2019est le th\u00e8me choisi pour la 6e \u00e9dition de l\u2019International Audit Meeting, organis\u00e9e le 2 avril dernier \u00e0 Tanger. La manifestation, tenue au si\u00e8ge du conseil r\u00e9gional Tanger-T\u00e9touan-Al Hoceima, a \u00e9t\u00e9 initi\u00e9e par Le groupe de recherche \u00abGouvernance Territoriale et D\u00e9veloppement Durable\u00bb, GT2D, relevant de la facult\u00e9 des sciences juridiques, \u00e9conomiques et sociales de Tanger, en partenariat avec l\u2019Ecole Sup\u00e9rieure de Technologie de Dakhla.<\/p>\n<\/div>\n<\/div>\n<\/div>\n<\/div>\n<p>Auteur: hgueye<br \/>\n<a href=\"https:\/\/www.leconomiste.com\/flash-infos\/6e-edition-de-l-international-audit-meeting\">Cliquez ici pour lire l&rsquo;article depuis sa source.<\/a><\/p>\n","protected":false},"excerpt":{"rendered":"<p>\u00abL\u2019audit \u00e0 l\u2019aune de l\u2019agilit\u00e9 organisationnelle et relationnelle\u00bb, c\u2019est le th\u00e8me choisi pour la 6e \u00e9dition de l\u2019International Audit Meeting, organis\u00e9e le 2 avril dernier \u00e0 Tanger. La manifestation, tenue au si\u00e8ge du conseil r\u00e9gional Tanger-T\u00e9touan-Al Hoceima, a \u00e9t\u00e9 initi\u00e9e par Le groupe de recherche \u00abGouvernance Territoriale et D\u00e9veloppement Durable\u00bb, GT2D, relevant de la facult\u00e9 [&hellip;]<\/p>\n","protected":false},"author":1763,"featured_media":0,"comment_status":"closed","ping_status":"closed","sticky":false,"template":"","format":"standard","meta":{"fifu_image_url":"","fifu_image_alt":"","footnotes":""},"categories":[78,54],"tags":[],"class_list":["post-144951","post","type-post","status-publish","format-standard","hentry","category-economie","category-maroc"],"_links":{"self":[{"href":"https:\/\/linitiative.ca\/International\/wp-json\/wp\/v2\/posts\/144951","targetHints":{"allow":["GET"]}}],"collection":[{"href":"https:\/\/linitiative.ca\/International\/wp-json\/wp\/v2\/posts"}],"about":[{"href":"https:\/\/linitiative.ca\/International\/wp-json\/wp\/v2\/types\/post"}],"author":[{"embeddable":true,"href":"https:\/\/linitiative.ca\/International\/wp-json\/wp\/v2\/users\/1763"}],"replies":[{"embeddable":true,"href":"https:\/\/linitiative.ca\/International\/wp-json\/wp\/v2\/comments?post=144951"}],"version-history":[{"count":0,"href":"https:\/\/linitiative.ca\/International\/wp-json\/wp\/v2\/posts\/144951\/revisions"}],"wp:attachment":[{"href":"https:\/\/linitiative.ca\/International\/wp-json\/wp\/v2\/media?parent=144951"}],"wp:term":[{"taxonomy":"category","embeddable":true,"href":"https:\/\/linitiative.ca\/International\/wp-json\/wp\/v2\/categories?post=144951"},{"taxonomy":"post_tag","embeddable":true,"href":"https:\/\/linitiative.ca\/International\/wp-json\/wp\/v2\/tags?post=144951"}],"curies":[{"name":"wp","href":"https:\/\/api.w.org\/{rel}","templated":true}]}}