{"id":144953,"date":"2022-04-07T11:34:47","date_gmt":"2022-04-07T15:34:47","guid":{"rendered":"https:\/\/linitiative.ca\/International\/prescolaire-des-conventions-pour-un-enseignement-de-qualite\/"},"modified":"2022-04-07T11:34:47","modified_gmt":"2022-04-07T15:34:47","slug":"prescolaire-des-conventions-pour-un-enseignement-de-qualite","status":"publish","type":"post","link":"https:\/\/linitiative.ca\/International\/prescolaire-des-conventions-pour-un-enseignement-de-qualite\/","title":{"rendered":"Pr\u00e9scolaire: Des conventions pour un enseignement de qualit\u00e9"},"content":{"rendered":"<div>\n<div class=\"field field-name-body field-type-text-with-summary field-label-hidden\">\n<div class=\"field-items\">\n<div class=\"field-item even\" property=\"content:encoded\">\n<p class=\"rtejustify\">Trois conventions de partenariat pour le d\u00e9veloppement et la g\u00e9n\u00e9ralisation d\u2019un pr\u00e9scolaire de qualit\u00e9 ont \u00e9t\u00e9 sign\u00e9es, jeudi \u00e0 Rabat, lors d\u2019une r\u00e9union pr\u00e9sid\u00e9e par le ministre de l\u2019\u00c9ducation nationale, du Pr\u00e9scolaire et des Sports, Chakib Benmoussa. La 1re convention-cadre, sign\u00e9e par Benmoussa et le pr\u00e9sident de la Fondation marocaine pour la promotion de l\u2019enseignement pr\u00e9scolaire (FMPS), Noureddine Boutayeb, permettra\u00a0d\u2019am\u00e9liorer la qualit\u00e9 de l\u2019enseignement pr\u00e9scolaire.<\/p>\n<\/div>\n<\/div>\n<\/div>\n<\/div>\n<p>Auteur: hgueye<br \/>\n<a href=\"https:\/\/www.leconomiste.com\/flash-infos\/prescolaire-des-conventions-pour-un-enseignement-de-qualite\">Cliquez ici pour lire l&rsquo;article depuis sa source.<\/a><\/p>\n","protected":false},"excerpt":{"rendered":"<p>Trois conventions de partenariat pour le d\u00e9veloppement et la g\u00e9n\u00e9ralisation d\u2019un pr\u00e9scolaire de qualit\u00e9 ont \u00e9t\u00e9 sign\u00e9es, jeudi \u00e0 Rabat, lors d\u2019une r\u00e9union pr\u00e9sid\u00e9e par le ministre de l\u2019\u00c9ducation nationale, du Pr\u00e9scolaire et des Sports, Chakib Benmoussa. La 1re convention-cadre, sign\u00e9e par Benmoussa et le pr\u00e9sident de la Fondation marocaine pour la promotion de l\u2019enseignement [&hellip;]<\/p>\n","protected":false},"author":1763,"featured_media":0,"comment_status":"closed","ping_status":"closed","sticky":false,"template":"","format":"standard","meta":{"fifu_image_url":"","fifu_image_alt":"","footnotes":""},"categories":[78,54],"tags":[],"class_list":["post-144953","post","type-post","status-publish","format-standard","hentry","category-economie","category-maroc"],"_links":{"self":[{"href":"https:\/\/linitiative.ca\/International\/wp-json\/wp\/v2\/posts\/144953","targetHints":{"allow":["GET"]}}],"collection":[{"href":"https:\/\/linitiative.ca\/International\/wp-json\/wp\/v2\/posts"}],"about":[{"href":"https:\/\/linitiative.ca\/International\/wp-json\/wp\/v2\/types\/post"}],"author":[{"embeddable":true,"href":"https:\/\/linitiative.ca\/International\/wp-json\/wp\/v2\/users\/1763"}],"replies":[{"embeddable":true,"href":"https:\/\/linitiative.ca\/International\/wp-json\/wp\/v2\/comments?post=144953"}],"version-history":[{"count":0,"href":"https:\/\/linitiative.ca\/International\/wp-json\/wp\/v2\/posts\/144953\/revisions"}],"wp:attachment":[{"href":"https:\/\/linitiative.ca\/International\/wp-json\/wp\/v2\/media?parent=144953"}],"wp:term":[{"taxonomy":"category","embeddable":true,"href":"https:\/\/linitiative.ca\/International\/wp-json\/wp\/v2\/categories?post=144953"},{"taxonomy":"post_tag","embeddable":true,"href":"https:\/\/linitiative.ca\/International\/wp-json\/wp\/v2\/tags?post=144953"}],"curies":[{"name":"wp","href":"https:\/\/api.w.org\/{rel}","templated":true}]}}