{"id":144956,"date":"2022-04-07T12:18:00","date_gmt":"2022-04-07T16:18:00","guid":{"rendered":"https:\/\/linitiative.ca\/International\/haris-belkebla-designe-joueur-du-mois-a-brest\/"},"modified":"2022-04-07T12:18:00","modified_gmt":"2022-04-07T16:18:00","slug":"haris-belkebla-designe-joueur-du-mois-a-brest","status":"publish","type":"post","link":"https:\/\/linitiative.ca\/International\/haris-belkebla-designe-joueur-du-mois-a-brest\/","title":{"rendered":"Haris Belkebla d\u00e9sign\u00e9 joueur du mois \u00e0 Brest"},"content":{"rendered":"<div>Avec 42% des vote, l&rsquo;international alg\u00e9rien termine devant ses co\u00e9quipiers Marco Bizot et Franck Honorat<\/div>\n<p>Auteur:<br \/>\n<a href=\"https:\/\/www.lebuteur.com\/article\/detail?titre=haris-belkebla-designe-joueur-du-mois-a-brest&#038;id=102657\">Cliquez ici pour lire l&rsquo;article depuis sa source.<\/a><\/p>\n","protected":false},"excerpt":{"rendered":"<p>Avec 42% des vote, l&rsquo;international alg\u00e9rien termine devant ses co\u00e9quipiers Marco Bizot et Franck Honorat Auteur: Cliquez ici pour lire l&rsquo;article depuis sa source.<\/p>\n","protected":false},"author":1738,"featured_media":0,"comment_status":"closed","ping_status":"closed","sticky":false,"template":"","format":"standard","meta":{"fifu_image_url":"","fifu_image_alt":"","footnotes":""},"categories":[53,75],"tags":[],"class_list":["post-144956","post","type-post","status-publish","format-standard","hentry","category-algerie","category-sport"],"_links":{"self":[{"href":"https:\/\/linitiative.ca\/International\/wp-json\/wp\/v2\/posts\/144956","targetHints":{"allow":["GET"]}}],"collection":[{"href":"https:\/\/linitiative.ca\/International\/wp-json\/wp\/v2\/posts"}],"about":[{"href":"https:\/\/linitiative.ca\/International\/wp-json\/wp\/v2\/types\/post"}],"author":[{"embeddable":true,"href":"https:\/\/linitiative.ca\/International\/wp-json\/wp\/v2\/users\/1738"}],"replies":[{"embeddable":true,"href":"https:\/\/linitiative.ca\/International\/wp-json\/wp\/v2\/comments?post=144956"}],"version-history":[{"count":0,"href":"https:\/\/linitiative.ca\/International\/wp-json\/wp\/v2\/posts\/144956\/revisions"}],"wp:attachment":[{"href":"https:\/\/linitiative.ca\/International\/wp-json\/wp\/v2\/media?parent=144956"}],"wp:term":[{"taxonomy":"category","embeddable":true,"href":"https:\/\/linitiative.ca\/International\/wp-json\/wp\/v2\/categories?post=144956"},{"taxonomy":"post_tag","embeddable":true,"href":"https:\/\/linitiative.ca\/International\/wp-json\/wp\/v2\/tags?post=144956"}],"curies":[{"name":"wp","href":"https:\/\/api.w.org\/{rel}","templated":true}]}}