{"id":144958,"date":"2022-04-07T11:08:37","date_gmt":"2022-04-07T15:08:37","guid":{"rendered":"https:\/\/linitiative.ca\/International\/digitalisation-la-plateforme-du-secteur-du-commerce-moroccan-retail-tech-builder-voit-le-jour\/"},"modified":"2022-04-07T11:08:37","modified_gmt":"2022-04-07T15:08:37","slug":"digitalisation-la-plateforme-du-secteur-du-commerce-moroccan-retail-tech-builder-voit-le-jour","status":"publish","type":"post","link":"https:\/\/linitiative.ca\/International\/digitalisation-la-plateforme-du-secteur-du-commerce-moroccan-retail-tech-builder-voit-le-jour\/","title":{"rendered":"Digitalisation. La plateforme du secteur du commerce\u00a0\u00abMoroccan Retail Tech Builder\u00bb voit le jour"},"content":{"rendered":"<div><img decoding=\"async\" width=\"669\" height=\"422\" src=\"https:\/\/linitiative.ca\/International\/wp-content\/uploads\/sites\/23\/2022\/04\/MAROC-MRTB-669-x-422.jpg\" class=\"attachment-post-thumbnail size-post-thumbnail wp-post-image\" alt=\"\" loading=\"lazy\" srcset=\"https:\/\/linitiative.ca\/International\/wp-content\/uploads\/sites\/23\/2022\/04\/MAROC-MRTB-669-x-422.jpg 669w, https:\/\/www.challenge.ma\/wp-content\/uploads\/2022\/04\/MAROC-MRTB-669-x-422-300x189.jpg 300w, https:\/\/www.challenge.ma\/wp-content\/uploads\/2022\/04\/MAROC-MRTB-669-x-422-360x227.jpg 360w\" sizes=\"auto, (max-width: 669px) 100vw, 669px\" itemprop=\"image\">Une plateforme de digitalisation du secteur du commerce baptis\u00e9e \u00abMoroccan Retail Tech Builder\u00bb (MRTB) a \u00e9t\u00e9 lanc\u00e9e ce jeudi 7 avril\u00a0au si\u00e8ge du ministre de l\u2019Industrie et du Commerce \u00e0 Rabat. Premier \u00abVenture Builder\u00bb au Maroc et en Afrique d\u00e9di\u00e9e \u00e0 la digitalisation du commerce, cette plateforme entend accompagner une<\/div>\n<p>Auteur: David J\u00e9r\u00e9mie<br \/>\n<a href=\"https:\/\/www.challenge.ma\/digitalisation-la-plateforme-du-secteur-du-commerce-moroccan-retail-tech-builder-voit-le-jour-236356\/\">Cliquez ici pour lire l&rsquo;article depuis sa source.<\/a><\/p>\n","protected":false},"excerpt":{"rendered":"<p>Une plateforme de digitalisation du secteur du commerce baptis\u00e9e \u00abMoroccan Retail Tech Builder\u00bb (MRTB) a \u00e9t\u00e9 lanc\u00e9e ce jeudi 7 avril\u00a0au si\u00e8ge du ministre de l\u2019Industrie et du Commerce \u00e0 Rabat. Premier \u00abVenture Builder\u00bb au Maroc et en Afrique d\u00e9di\u00e9e \u00e0 la digitalisation du commerce, cette plateforme entend accompagner une Auteur: David J\u00e9r\u00e9mie Cliquez ici [&hellip;]<\/p>\n","protected":false},"author":1787,"featured_media":0,"comment_status":"closed","ping_status":"closed","sticky":false,"template":"","format":"standard","meta":{"fifu_image_url":"https:\/\/www.challenge.ma\/wp-content\/uploads\/2022\/04\/MAROC-MRTB-669-x-422.jpg","fifu_image_alt":"Digitalisation. La plateforme du secteur du commerce\u00a0\u00abMoroccan Retail Tech Builder\u00bb voit le jour","footnotes":""},"categories":[78,54],"tags":[],"class_list":["post-144958","post","type-post","status-publish","format-standard","hentry","category-economie","category-maroc"],"_links":{"self":[{"href":"https:\/\/linitiative.ca\/International\/wp-json\/wp\/v2\/posts\/144958","targetHints":{"allow":["GET"]}}],"collection":[{"href":"https:\/\/linitiative.ca\/International\/wp-json\/wp\/v2\/posts"}],"about":[{"href":"https:\/\/linitiative.ca\/International\/wp-json\/wp\/v2\/types\/post"}],"author":[{"embeddable":true,"href":"https:\/\/linitiative.ca\/International\/wp-json\/wp\/v2\/users\/1787"}],"replies":[{"embeddable":true,"href":"https:\/\/linitiative.ca\/International\/wp-json\/wp\/v2\/comments?post=144958"}],"version-history":[{"count":0,"href":"https:\/\/linitiative.ca\/International\/wp-json\/wp\/v2\/posts\/144958\/revisions"}],"wp:attachment":[{"href":"https:\/\/linitiative.ca\/International\/wp-json\/wp\/v2\/media?parent=144958"}],"wp:term":[{"taxonomy":"category","embeddable":true,"href":"https:\/\/linitiative.ca\/International\/wp-json\/wp\/v2\/categories?post=144958"},{"taxonomy":"post_tag","embeddable":true,"href":"https:\/\/linitiative.ca\/International\/wp-json\/wp\/v2\/tags?post=144958"}],"curies":[{"name":"wp","href":"https:\/\/api.w.org\/{rel}","templated":true}]}}